{"id":50512,"date":"2015-01-19T18:57:03","date_gmt":"2015-01-19T21:57:03","guid":{"rendered":"http:\/\/aconteceunovale.com.br\/portal\/?p=50512"},"modified":"2015-01-19T19:01:15","modified_gmt":"2015-01-19T22:01:15","slug":"assaltantes-sao-presos-apos-serem-flagrados-por-camera-de-seguranca-em-conselheiro-pena","status":"publish","type":"post","link":"https:\/\/aconteceunovale.com.br\/portal\/?p=50512","title":{"rendered":"Assaltantes s\u00e3o presos ap\u00f3s serem flagrados por c\u00e2mera de seguran\u00e7a em Conselheiro Pena"},"content":{"rendered":"<h4><strong><em>Imagens mostram momento em que a v\u00edtima \u00e9 assaltada e esfaqueada. Os dois assaltantes, juntos, somam mais de 10 passagens pela pol\u00edcia.<\/em><\/strong><\/h4>\n<p>Um vendedor ambulante, de 45 anos, foi assaltado e esfaqueado na noite desse domingo (18), no centro de Conselheiro Pena, no Vale do Rio Doce (MG). Uma c\u00e2mera de seguran\u00e7a de uma casa pr\u00f3xima ao local filmou o momento do crime. As imagens foram usadas pela Pol\u00edcia Militar para identificar os suspeitos.<\/p>\n<p>As imagens mostram quando os dois suspeitos, de 22 e 27 anos, se aproximam, de bicicleta, do vendedor. Um deles pede para ver a mercadoria e dois minutos depois amea\u00e7a a v\u00edtima com um canivete. Os suspeitos batem no vendedor, roubam o dinheiro e alguns produtos. Antes de irem embora, um dos assaltantes ainda fere o homem com dois golpes de faca.<\/p>\n<p>Atrav\u00e9s das imagens, a pol\u00edcia conseguiu prender os dois homens. Segundo a PM, os dois somam mais de 10 passagens por crimes como furto e agress\u00e3o. O vendedor ambulante est\u00e1 internado no Hospital Municipal de Governador Valadares, onde segue em observa\u00e7\u00e3o.<\/p>\n<p><iframe loading=\"lazy\" width=\"640\" height=\"480\" src=\"\/\/www.youtube.com\/embed\/peTev3W58Hk\" frameborder=\"0\" allowfullscreen><\/iframe><\/p>\n<p><strong><em>(Inter TV dos Vales)<\/em><\/strong><\/p>\n","protected":false},"excerpt":{"rendered":"<p>Imagens mostram momento em que a v\u00edtima \u00e9 assaltada e esfaqueada. Os dois assaltantes, juntos, somam mais de 10 passagens pela pol\u00edcia. Um vendedor ambulante, de 45 anos, foi assaltado e esfaqueado na noite desse domingo (18), no centro de Conselheiro Pena, no Vale do Rio Doce (MG). Uma c\u00e2mera de seguran\u00e7a de uma casa [&hellip;]<\/p>\n","protected":false},"author":1,"featured_media":50513,"comment_status":"open","ping_status":"closed","sticky":false,"template":"","format":"standard","meta":{"amp_status":"","footnotes":""},"categories":[121],"tags":[30624,282,247],"class_list":["post-50512","post","type-post","status-publish","format-standard","has-post-thumbnail","hentry","category-leste","tag-assaltantes-sao-presos-apos-serem-flagrados-por-camera-de-seguranca-em-conselheiro-pena","tag-conselheiro-pena","tag-governador-valadares"],"_links":{"self":[{"href":"https:\/\/aconteceunovale.com.br\/portal\/index.php?rest_route=\/wp\/v2\/posts\/50512","targetHints":{"allow":["GET"]}}],"collection":[{"href":"https:\/\/aconteceunovale.com.br\/portal\/index.php?rest_route=\/wp\/v2\/posts"}],"about":[{"href":"https:\/\/aconteceunovale.com.br\/portal\/index.php?rest_route=\/wp\/v2\/types\/post"}],"author":[{"embeddable":true,"href":"https:\/\/aconteceunovale.com.br\/portal\/index.php?rest_route=\/wp\/v2\/users\/1"}],"replies":[{"embeddable":true,"href":"https:\/\/aconteceunovale.com.br\/portal\/index.php?rest_route=%2Fwp%2Fv2%2Fcomments&post=50512"}],"version-history":[{"count":0,"href":"https:\/\/aconteceunovale.com.br\/portal\/index.php?rest_route=\/wp\/v2\/posts\/50512\/revisions"}],"wp:featuredmedia":[{"embeddable":true,"href":"https:\/\/aconteceunovale.com.br\/portal\/index.php?rest_route=\/wp\/v2\/media\/50513"}],"wp:attachment":[{"href":"https:\/\/aconteceunovale.com.br\/portal\/index.php?rest_route=%2Fwp%2Fv2%2Fmedia&parent=50512"}],"wp:term":[{"taxonomy":"category","embeddable":true,"href":"https:\/\/aconteceunovale.com.br\/portal\/index.php?rest_route=%2Fwp%2Fv2%2Fcategories&post=50512"},{"taxonomy":"post_tag","embeddable":true,"href":"https:\/\/aconteceunovale.com.br\/portal\/index.php?rest_route=%2Fwp%2Fv2%2Ftags&post=50512"}],"curies":[{"name":"wp","href":"https:\/\/api.w.org\/{rel}","templated":true}]}}