{"id":50510,"date":"2015-01-19T18:50:32","date_gmt":"2015-01-19T21:50:32","guid":{"rendered":"http:\/\/aconteceunovale.com.br\/portal\/?p=50510"},"modified":"2015-01-19T18:50:32","modified_gmt":"2015-01-19T21:50:32","slug":"coronel-fabriciano-comemora-66-anos-de-emancipacao","status":"publish","type":"post","link":"https:\/\/aconteceunovale.com.br\/portal\/?p=50510","title":{"rendered":"Coronel Fabriciano comemora 66 anos de emancipa\u00e7\u00e3o"},"content":{"rendered":"<h4><strong><em>Programa\u00e7\u00e3o come\u00e7a as 8h, com a manh\u00e3 c\u00edvica. Cidade do Vale do A\u00e7o completa 66 anos nesta ter\u00e7a-feira (20).<\/em><\/strong><\/h4>\n<p>Coronel Fabriciano comemora nesta ter\u00e7a-feira (20) o dia de S\u00e3o Sebasti\u00e3o, padroeiro do munic\u00edpio, e tamb\u00e9m os 66 anos de emancipa\u00e7\u00e3o pol\u00edtico-administrativa da cidade. Para celebrar a data, haver\u00e1 uma programa\u00e7\u00e3o especial que re\u00fane manh\u00e3 c\u00edvica, atividades esportivas e culturais, al\u00e9m da tradicional Corrida R\u00fastica de S\u00e3o Sebasti\u00e3o e shows musicais com L\u00edvia Pontes e a dupla sertaneja Fred &#038; Gustavo, de Goi\u00e2nia (GO). A entrada \u00e9 gratuita.<\/p>\n<p><img decoding=\"async\" src=\"http:\/\/aconteceunovale.com.br\/portal\/wp-content\/uploads\/2014\/01\/coronel_fabriciano_mg.jpg\" alt=\"\" \/><em>No dia 20 de janeiro, a cidade de Coronel Fabriciano comemora 66 anos de emancipa\u00e7\u00e3o pol\u00edtica e administrativa (Foto: Portal da Prefeitura Municipal de Coronel Fabriciano)<\/em><br \/>\n<\/br><\/p>\n<h4>Programa\u00e7\u00e3o<\/h4>\n<p>A programa\u00e7\u00e3o inicia as 8h, com manh\u00e3 c\u00edvica, na Pra\u00e7a da Esta\u00e7\u00e3o, no Centro, e segue at\u00e9 as 13h. Entre as atividades previstas est\u00e3o rua de lazer; apresenta\u00e7\u00e3o cultural dos alunos da Educa\u00e7\u00e3o Integral da rede municipal de ensino (grupos musicais e bal\u00e9); participa\u00e7\u00e3o da Corpora\u00e7\u00e3o Musical Nossa Senhora Auxiliadora; da Marujada dos Cocais e das candidatas ao concurso Miss Fabriciano 2015. J\u00e1 a concentra\u00e7\u00e3o para a largada da tradicional Corrida R\u00fastica de S\u00e3o Sebasti\u00e3o inicia as 8h30, no mesmo local.<\/p>\n<p>\u00c0s 11h, acontece a inaugura\u00e7\u00e3o dos equipamentos de gin\u00e1stica do Programa Sa\u00fade na Pra\u00e7a, na Pra\u00e7a Jos\u00e9 Maria de Man, na rua Amap\u00e1, bairro Universit\u00e1rio. Das 10h \u00e0s 16h, o Museu Hist\u00f3rico Municipal, na rua Dr. Moacir Birro, 429, Centro, estar\u00e1 aberto \u00e0 visita\u00e7\u00e3o p\u00fablica. Entre 15h e 18h, haver\u00e1 a Batalha de MCs \u2013 competi\u00e7\u00e3o de rappers, na Pra\u00e7a da Esta\u00e7\u00e3o. J\u00e1 a tradicional Prociss\u00e3o do Padroeiro S\u00e3o Sebasti\u00e3o, na Igreja Matriz \u00e0 Catedral S\u00e3o Sebasti\u00e3o (Missa Festiva), inicia \u00e0s 18h.<\/p>\n<p>Morador da cidade h\u00e1 40 anos, Jorge M\u00e1rcio da Silva, de 66 anos, disse que n\u00e3o perde por nada a programa\u00e7\u00e3o do anivers\u00e1rio de Fabriciano. Segundo o aposentado, ele adotou o munic\u00edpio de cora\u00e7\u00e3o e n\u00e3o deixa de celebrar com alegria as festividades de anivers\u00e1rio.<\/p>\n<p>&#8216;Nasci em S\u00e3o Paulo mais estou em Fabriciano desde 1975, dois dos meus tr\u00eas filhos nasceram aqui, e apreendi a amar a cidade. O anivers\u00e1rio da cidade \u00e9 algo que tem que ser comemorado por todos que moram aqui, \u00e9 um momento de demonstrar a satisfa\u00e7\u00e3o de fazer parte do munic\u00edpio\u201d, disse.<\/p>\n<h4>Copa de Futsal<\/h4>\n<p>O encerramento da 6\u00ba Copa Fabricianense de Futsal, que tem parceria da Prefeitura, tamb\u00e9m integra a programa\u00e7\u00e3o de Anivers\u00e1rio. A competi\u00e7\u00e3o teve in\u00edcio em novembro de 2014 e re\u00fane 24 times e cerca de 450 atletas. A disputa do terceiro lugar acontece as 15h, no Centro Social Urbano, no Bairro Floresta. J\u00e1 a grande final est\u00e1 prevista para as 16h, seguida de premia\u00e7\u00e3o.<\/p>\n<h4>Noite Musical<\/h4>\n<p>O ponto alto da programa\u00e7\u00e3o ser\u00e1 a Noite Musical, na Pra\u00e7a da Esta\u00e7\u00e3o, que come\u00e7a as 19h, com show de L\u00edvia Pontes (Fabriciano), seguido de sorteio de pr\u00eamios da Campanha de Natal da Acicel-CDL, \u00e0s 20h30.<\/p>\n<p>J\u00e1 \u00e0s 21h30, \u00e9 a vez do grande show de Fred &#038; Gustavo (Goi\u00e2nia &#8211; GO) \u2013 dupla sertaneja que est\u00e1 fazendo sucesso com as m\u00fasicas \u201cEx-gordinha\u201d, \u201cLiga\u00e7\u00e3o\u201d, \u201cT\u00f4 s\u00f3 seu\u201d e \u201cBonde dos Solteiros\u201d. Na Pra\u00e7a da Esta\u00e7\u00e3o, o p\u00fablico ainda contar\u00e1 com barraca com comidas t\u00edpicas e produtos artesanais da Feiracel. (G1)<\/p>\n","protected":false},"excerpt":{"rendered":"<p>Programa\u00e7\u00e3o come\u00e7a as 8h, com a manh\u00e3 c\u00edvica. Cidade do Vale do A\u00e7o completa 66 anos nesta ter\u00e7a-feira (20). Coronel Fabriciano comemora nesta ter\u00e7a-feira (20) o dia de S\u00e3o Sebasti\u00e3o, padroeiro do munic\u00edpio, e tamb\u00e9m os 66 anos de emancipa\u00e7\u00e3o pol\u00edtico-administrativa da cidade. Para celebrar a data, haver\u00e1 uma programa\u00e7\u00e3o especial que re\u00fane manh\u00e3 c\u00edvica, [&hellip;]<\/p>\n","protected":false},"author":1,"featured_media":18859,"comment_status":"open","ping_status":"closed","sticky":false,"template":"","format":"standard","meta":{"amp_status":"","footnotes":""},"categories":[121],"tags":[30622,1524,30623,30621,30620],"class_list":["post-50510","post","type-post","status-publish","format-standard","has-post-thumbnail","hentry","category-leste","tag-6o-copa-fabricianense-de-futsal","tag-coronel-fabriciano","tag-coronel-fabriciano-comemora-66-anos-de-emancipacao","tag-corrida-rustica-de-sao-sebastiao","tag-dia-de-sao-sebastiao"],"_links":{"self":[{"href":"https:\/\/aconteceunovale.com.br\/portal\/index.php?rest_route=\/wp\/v2\/posts\/50510","targetHints":{"allow":["GET"]}}],"collection":[{"href":"https:\/\/aconteceunovale.com.br\/portal\/index.php?rest_route=\/wp\/v2\/posts"}],"about":[{"href":"https:\/\/aconteceunovale.com.br\/portal\/index.php?rest_route=\/wp\/v2\/types\/post"}],"author":[{"embeddable":true,"href":"https:\/\/aconteceunovale.com.br\/portal\/index.php?rest_route=\/wp\/v2\/users\/1"}],"replies":[{"embeddable":true,"href":"https:\/\/aconteceunovale.com.br\/portal\/index.php?rest_route=%2Fwp%2Fv2%2Fcomments&post=50510"}],"version-history":[{"count":0,"href":"https:\/\/aconteceunovale.com.br\/portal\/index.php?rest_route=\/wp\/v2\/posts\/50510\/revisions"}],"wp:featuredmedia":[{"embeddable":true,"href":"https:\/\/aconteceunovale.com.br\/portal\/index.php?rest_route=\/wp\/v2\/media\/18859"}],"wp:attachment":[{"href":"https:\/\/aconteceunovale.com.br\/portal\/index.php?rest_route=%2Fwp%2Fv2%2Fmedia&parent=50510"}],"wp:term":[{"taxonomy":"category","embeddable":true,"href":"https:\/\/aconteceunovale.com.br\/portal\/index.php?rest_route=%2Fwp%2Fv2%2Fcategories&post=50510"},{"taxonomy":"post_tag","embeddable":true,"href":"https:\/\/aconteceunovale.com.br\/portal\/index.php?rest_route=%2Fwp%2Fv2%2Ftags&post=50510"}],"curies":[{"name":"wp","href":"https:\/\/api.w.org\/{rel}","templated":true}]}}