{"id":50505,"date":"2015-01-19T18:32:30","date_gmt":"2015-01-19T21:32:30","guid":{"rendered":"http:\/\/aconteceunovale.com.br\/portal\/?p=50505"},"modified":"2015-01-19T18:32:30","modified_gmt":"2015-01-19T21:32:30","slug":"ciclista-cai-em-barranco-e-fica-gravemente-ferido-durante-trilha-em-conceicao-do-mato-dentro","status":"publish","type":"post","link":"https:\/\/aconteceunovale.com.br\/portal\/?p=50505","title":{"rendered":"Ciclista cai em barranco e fica gravemente ferido durante trilha em Concei\u00e7\u00e3o do Mato Dentro"},"content":{"rendered":"<h4><strong><em>A v\u00edtima fazia uma trilha em dire\u00e7\u00e3o \u00e0 cachoeira de Tabuleiro quando caiu em um local de dif\u00edcil acesso.<\/em><\/strong><\/h4>\n<p>Um ciclista ficou gravemente ferido na tarde deste domingo, 18 de janeiro, em Tabuleiro, no munic\u00edpio de Concei\u00e7\u00e3o do Mato Dentro, na regi\u00e3o Central de Minas. De acordo com informa\u00e7\u00f5es, a v\u00edtima fazia uma trilha em dire\u00e7\u00e3o \u00e0 cachoeira de Tabuleiro, a maior queda d&#8217;\u00e1gua mineira, com 275 metros de altura, quando caiu em um barranco.<\/p>\n<p>De acordo com o Corpo de Bombeiros, o acidente aconteceu por volta das 12h e a v\u00edtima, que n\u00e3o teve nome divulgado, estava em um local de dif\u00edcil acesso. Segundo as informa\u00e7\u00f5es iniciais repassadas por funcion\u00e1rios do Parque Estadual Serra do Intendente, onde fica a cachoeira, a v\u00edtima estava consciente, orientada, mas com suspeita de v\u00e1rias fraturas.<\/p>\n<p>Uma viatura dos bombeiros e o helic\u00f3ptero Arcanjo se deslocaram para o local e conseguiram fazer a retirada da v\u00edtima. O ciclista sofreu fraturas no bra\u00e7o, perna e p\u00e9 e foi levado pela aeronave ao Hospital de Pronto-Socorro Jo\u00e3o XXIII, no Centro de Belo Horizonte. Ele n\u00e3o corre risco de morte.<\/p>\n<p><img decoding=\"async\" src=\"http:\/\/aconteceunovale.com.br\/portal\/wp-content\/uploads\/2014\/08\/cachu_tabuleiro.jpg\" alt=\"\" \/><em>Ciclista fazia uma trilha para chegar \u00e0 cachoeira de Tabuleiro &#8211; Foto: Divulga\u00e7\u00e3o<\/em><br \/>\n<\/br><\/p>\n<p><strong><em>(O Tempo)<\/em><\/strong><\/p>\n","protected":false},"excerpt":{"rendered":"<p>A v\u00edtima fazia uma trilha em dire\u00e7\u00e3o \u00e0 cachoeira de Tabuleiro quando caiu em um local de dif\u00edcil acesso. Um ciclista ficou gravemente ferido na tarde deste domingo, 18 de janeiro, em Tabuleiro, no munic\u00edpio de Concei\u00e7\u00e3o do Mato Dentro, na regi\u00e3o Central de Minas. De acordo com informa\u00e7\u00f5es, a v\u00edtima fazia uma trilha em [&hellip;]<\/p>\n","protected":false},"author":1,"featured_media":38494,"comment_status":"open","ping_status":"closed","sticky":false,"template":"","format":"standard","meta":{"amp_status":"","footnotes":""},"categories":[123],"tags":[30615,30616,628,30614],"class_list":["post-50505","post","type-post","status-publish","format-standard","has-post-thumbnail","hentry","category-gerais","tag-cachoeira-de-tabuleiro","tag-ciclista-cai-em-barranco-e-fica-gravemente-ferido-durante-trilha-em-conceicao-do-mato-dentro","tag-conceicao-do-mato-dentro","tag-parque-estadual-serra-do-intendente"],"_links":{"self":[{"href":"https:\/\/aconteceunovale.com.br\/portal\/index.php?rest_route=\/wp\/v2\/posts\/50505","targetHints":{"allow":["GET"]}}],"collection":[{"href":"https:\/\/aconteceunovale.com.br\/portal\/index.php?rest_route=\/wp\/v2\/posts"}],"about":[{"href":"https:\/\/aconteceunovale.com.br\/portal\/index.php?rest_route=\/wp\/v2\/types\/post"}],"author":[{"embeddable":true,"href":"https:\/\/aconteceunovale.com.br\/portal\/index.php?rest_route=\/wp\/v2\/users\/1"}],"replies":[{"embeddable":true,"href":"https:\/\/aconteceunovale.com.br\/portal\/index.php?rest_route=%2Fwp%2Fv2%2Fcomments&post=50505"}],"version-history":[{"count":0,"href":"https:\/\/aconteceunovale.com.br\/portal\/index.php?rest_route=\/wp\/v2\/posts\/50505\/revisions"}],"wp:featuredmedia":[{"embeddable":true,"href":"https:\/\/aconteceunovale.com.br\/portal\/index.php?rest_route=\/wp\/v2\/media\/38494"}],"wp:attachment":[{"href":"https:\/\/aconteceunovale.com.br\/portal\/index.php?rest_route=%2Fwp%2Fv2%2Fmedia&parent=50505"}],"wp:term":[{"taxonomy":"category","embeddable":true,"href":"https:\/\/aconteceunovale.com.br\/portal\/index.php?rest_route=%2Fwp%2Fv2%2Fcategories&post=50505"},{"taxonomy":"post_tag","embeddable":true,"href":"https:\/\/aconteceunovale.com.br\/portal\/index.php?rest_route=%2Fwp%2Fv2%2Ftags&post=50505"}],"curies":[{"name":"wp","href":"https:\/\/api.w.org\/{rel}","templated":true}]}}