{"id":50502,"date":"2015-01-19T18:19:37","date_gmt":"2015-01-19T21:19:37","guid":{"rendered":"http:\/\/aconteceunovale.com.br\/portal\/?p=50502"},"modified":"2015-01-19T18:20:41","modified_gmt":"2015-01-19T21:20:41","slug":"prefeitura-divulga-programacao-do-77o-aniversario-de-emancipacao-de-governador-valadares","status":"publish","type":"post","link":"https:\/\/aconteceunovale.com.br\/portal\/?p=50502","title":{"rendered":"Governador Valadares comemora seu 77\u00b0 anivers\u00e1rio de emancipa\u00e7\u00e3o"},"content":{"rendered":"<h4><strong><em>Em meio a atividades culturais e esportivas, Valadares ganha o Parque Municipal nos seus 77 anos.<\/em><\/strong><\/h4>\n<p>No dia 30 deste m\u00eas, Governador Valadares vai comemorar seu 77\u00b0 anivers\u00e1rio de emancipa\u00e7\u00e3o pol\u00edtica do munic\u00edpio de Pe\u00e7anha \u2013 foi o decreto-lei n\u00ba 148, de 17 de dezembro de 1938, que emancipou o ent\u00e3o distrito de Figueira. Como todos os anos, a programa\u00e7\u00e3o ser\u00e1 variada e cheia de eventos oficiais, culturais e esportivos, com destaque para a inaugura\u00e7\u00e3o do Parque Natural Municipal (06\/02) e para a 23\u00aa Corrida R\u00fastica de Anivers\u00e1rio da Cidade, que este ano acontecer\u00e1 em 8 de fevereiro.<\/p>\n<p>No dia do anivers\u00e1rio, tudo vai come\u00e7ar bem cedo, \u00e0s cinco da manh\u00e3, com o cortejo da banda Lira 30 de Janeiro rumo \u00e0 casa da prefeita para tradicional Alvorada. \u00c0s 8h, acontece a cerim\u00f4nia de hasteamento das bandeiras. A partir da\u00ed, as atra\u00e7\u00f5es se concentrar\u00e3o durante a tarde\/noite na Pra\u00e7a dos Pioneiros, que sediar\u00e1 duas exposi\u00e7\u00f5es: uma dos artistas pl\u00e1sticos locais e outra de fotografias hist\u00f3ricas. Tamb\u00e9m vai ter teatro, apresenta\u00e7\u00e3o de grupos folcl\u00f3ricos, escola de samba, roda de capoeira e varal de poesias. \u00c0s 20h, ser\u00e1 cortado e distribu\u00eddo o bolo de anivers\u00e1rio e, para agitar o resto da noite, shows de m\u00fasica sertaneja e ax\u00e9. <\/p>\n<h4>Mais eventos<\/h4>\n<p>O segundo dia de comemora\u00e7\u00f5es (31) acontecer\u00e1 em dois locais: na \u00e1rea da antiga Feira da Paz, onde vai rolar, a partir das 14h, um campeonato de skate com shows de bandas de rock da cidade; e na Pra\u00e7a dos Pioneiros, que receber\u00e1, a partir da 19h, shows de bandas valadarenses. No dia 1\u00b0 de fevereiro, \u00e9 o Horto Municipal que se transformar\u00e1 em palco para diversos shows de bandas de garagem, a partir das 14h.<\/p>\n<h4>Inaugura\u00e7\u00e3o do Parque Municipal e corrida r\u00fastica<\/h4>\n<p>No dia 6 de fevereiro, o Parque Municipal ser\u00e1 o foco das aten\u00e7\u00f5es: \u00e9 que, \u00e0s 9h, aquele espa\u00e7o de preserva\u00e7\u00e3o, conhecimento e lazer, ser\u00e1 aberto oficialmente \u00e0 comunidade valadarense, com atra\u00e7\u00f5es culturais. Depois da solenidade oficial, \u00e0s 9h, at\u00e9 o domingo, quem for ao Parque poder\u00e1 aproveitar para conhecer o local em visitas guiadas e ainda curtir uma programa\u00e7\u00e3o especial com atividades culturais e esportivas.<\/p>\n<p>Encerramento a programa\u00e7\u00e3o, no domingo (8), \u00e0s 8h, na Pra\u00e7a dos Pioneiros, ser\u00e1 dada a largada da 23\u00aa Corrida R\u00fastica de Anivers\u00e1rio da Cidade. A partir das 9h, de volta ao Parque Municipal, acontece o Piquenique da Fam\u00edlia, com apresenta\u00e7\u00e3o de MPB. Os presentes tamb\u00e9m poder\u00e3o utilizar a Biblioparque, uma iniciativa da Biblioteca Municipal Prof. Paulo Zappi e Centro Cultural Nelson Mandela. Haver\u00e1 livros dispon\u00edveis para leitura e empr\u00e9stimo, cadastro de novos usu\u00e1rios e roda de leitura. <\/p>\n","protected":false},"excerpt":{"rendered":"<p>Em meio a atividades culturais e esportivas, Valadares ganha o Parque Municipal nos seus 77 anos. No dia 30 deste m\u00eas, Governador Valadares vai comemorar seu 77\u00b0 anivers\u00e1rio de emancipa\u00e7\u00e3o pol\u00edtica do munic\u00edpio de Pe\u00e7anha \u2013 foi o decreto-lei n\u00ba 148, de 17 de dezembro de 1938, que emancipou o ent\u00e3o distrito de Figueira. Como [&hellip;]<\/p>\n","protected":false},"author":1,"featured_media":47642,"comment_status":"open","ping_status":"closed","sticky":false,"template":"","format":"standard","meta":{"amp_status":"","footnotes":""},"categories":[121],"tags":[30611,30610,247,30613,306,30612],"class_list":["post-50502","post","type-post","status-publish","format-standard","has-post-thumbnail","hentry","category-leste","tag-23a-corrida-rustica-de-aniversario-de-governador-valadares","tag-77-aniversario-de-governador-valadares","tag-governador-valadares","tag-governador-valadares-comemora-seu-77-aniversario-de-emancipacao","tag-pecanha","tag-prefeitura-divulga-programacao-do-77o-aniversario-de-emancipacao-de-governador-valadares"],"_links":{"self":[{"href":"https:\/\/aconteceunovale.com.br\/portal\/index.php?rest_route=\/wp\/v2\/posts\/50502","targetHints":{"allow":["GET"]}}],"collection":[{"href":"https:\/\/aconteceunovale.com.br\/portal\/index.php?rest_route=\/wp\/v2\/posts"}],"about":[{"href":"https:\/\/aconteceunovale.com.br\/portal\/index.php?rest_route=\/wp\/v2\/types\/post"}],"author":[{"embeddable":true,"href":"https:\/\/aconteceunovale.com.br\/portal\/index.php?rest_route=\/wp\/v2\/users\/1"}],"replies":[{"embeddable":true,"href":"https:\/\/aconteceunovale.com.br\/portal\/index.php?rest_route=%2Fwp%2Fv2%2Fcomments&post=50502"}],"version-history":[{"count":0,"href":"https:\/\/aconteceunovale.com.br\/portal\/index.php?rest_route=\/wp\/v2\/posts\/50502\/revisions"}],"wp:featuredmedia":[{"embeddable":true,"href":"https:\/\/aconteceunovale.com.br\/portal\/index.php?rest_route=\/wp\/v2\/media\/47642"}],"wp:attachment":[{"href":"https:\/\/aconteceunovale.com.br\/portal\/index.php?rest_route=%2Fwp%2Fv2%2Fmedia&parent=50502"}],"wp:term":[{"taxonomy":"category","embeddable":true,"href":"https:\/\/aconteceunovale.com.br\/portal\/index.php?rest_route=%2Fwp%2Fv2%2Fcategories&post=50502"},{"taxonomy":"post_tag","embeddable":true,"href":"https:\/\/aconteceunovale.com.br\/portal\/index.php?rest_route=%2Fwp%2Fv2%2Ftags&post=50502"}],"curies":[{"name":"wp","href":"https:\/\/api.w.org\/{rel}","templated":true}]}}