{"id":50496,"date":"2015-01-19T17:45:42","date_gmt":"2015-01-19T20:45:42","guid":{"rendered":"http:\/\/aconteceunovale.com.br\/portal\/?p=50496"},"modified":"2015-01-19T17:45:42","modified_gmt":"2015-01-19T20:45:42","slug":"vacinacao-contra-aftosa-em-minas-alcanca-966-de-cobertura-na-etapa-de-novembro-2014","status":"publish","type":"post","link":"https:\/\/aconteceunovale.com.br\/portal\/?p=50496","title":{"rendered":"Vacina\u00e7\u00e3o contra aftosa em Minas alcan\u00e7a 96,6% de cobertura na etapa de novembro 2014"},"content":{"rendered":"<h4><strong><em>A etapa contou com a vacina\u00e7\u00e3o de 9.205.391 bovinos e bubalinos, com at\u00e9 24 meses de idade, nos 853 munic\u00edpios mineiros<\/em><\/strong><\/h4>\n<p>A segunda etapa da Campanha Nacional de Vacina\u00e7\u00e3o Contra Febre Aftosa de 2014, que foi encerrada, excepcionalmente, no final do m\u00eas de dezembro, teve saldo positivo em Minas Gerais, atingindo um \u00edndice de vacina\u00e7\u00e3o de 96,6%. Os produtores rurais tiveram at\u00e9 o dia 10 de janeiro de 2015 para comprovar nas unidades do Instituto Mineiro de Agropecu\u00e1ria (IMA) de seus munic\u00edpios a imuniza\u00e7\u00e3o dos animais.<\/p>\n<p>A campanha obteve grande ades\u00e3o dos produtores que t\u00eam na pecu\u00e1ria o seu sustento, demonstrando a import\u00e2ncia da participa\u00e7\u00e3o efetiva na vacina\u00e7\u00e3o semestral. A etapa envolveu 9.530.839  bov\u00eddeos vacin\u00e1veis com at\u00e9 24 meses de idade, com a vacina\u00e7\u00e3o de 9.205.391 bovinos e bubalinos, nos 853 munic\u00edpios do Estado.<\/p>\n<p>Para o diretor-geral do IMA, Altino Rodrigues Neto, \u00e9 necess\u00e1rio que os produtores mineiros e de todo o pa\u00eds continuem aderindo \u00e0s campanhas de imuniza\u00e7\u00e3o, que s\u00e3o fundamentais para erradicar e prevenir doen\u00e7as de grande impacto como a aftosa. \u201cNo Estado, a participa\u00e7\u00e3o dos produtores \u00e9 crucial para manter Minas como \u00e1rea livre com vacina\u00e7\u00e3o contra aftosa, o que valoriza e fortalece ainda mais a pecu\u00e1ria\u201d, comenta.<\/p>\n<p>O conjunto de esfor\u00e7os visando integrar o trabalho de todos os segmentos da agropecu\u00e1ria tem permitido um avan\u00e7o sustent\u00e1vel para alcan\u00e7ar a erradica\u00e7\u00e3o da enfermidade de uma vasta \u00e1rea do pa\u00eds. O consenso entre os estados \u00e9 estrat\u00e9gico do ponto vista da aten\u00e7\u00e3o \u00e0 sanidade agropecu\u00e1ria.  O Brasil, sob a coordena\u00e7\u00e3o do Minist\u00e9rio da Agricultura, Pecu\u00e1ria e Abastecimento (Mapa) e com a participa\u00e7\u00e3o efetiva dos servi\u00e7os veterin\u00e1rios estaduais e do setor pecu\u00e1rio, segue na luta contra a febre aftosa em busca de um pa\u00eds livre da doen\u00e7a. (Ag\u00eancia Minas)<\/p>\n","protected":false},"excerpt":{"rendered":"<p>A etapa contou com a vacina\u00e7\u00e3o de 9.205.391 bovinos e bubalinos, com at\u00e9 24 meses de idade, nos 853 munic\u00edpios mineiros A segunda etapa da Campanha Nacional de Vacina\u00e7\u00e3o Contra Febre Aftosa de 2014, que foi encerrada, excepcionalmente, no final do m\u00eas de dezembro, teve saldo positivo em Minas Gerais, atingindo um \u00edndice de vacina\u00e7\u00e3o [&hellip;]<\/p>\n","protected":false},"author":1,"featured_media":12617,"comment_status":"open","ping_status":"closed","sticky":false,"template":"","format":"standard","meta":{"amp_status":"","footnotes":""},"categories":[123],"tags":[20951,30603,30602,30601,459,30600,30599,460],"class_list":["post-50496","post","type-post","status-publish","format-standard","has-post-thumbnail","hentry","category-gerais","tag-aftosa","tag-altino-rodrigues-neto","tag-campanha-nacional-de-vacinacao-contra-febre-aftosa","tag-campanha-nacional-de-vacinacao-contra-febre-aftosa-de-2014","tag-febre-aftosa","tag-vacinacao-contra-aftosa-em-minas","tag-vacinacao-contra-aftosa-em-minas-alcanca-96-de-cobertura-na-etapa-de-novembro-2014","tag-vacinacao-contra-febre-aftosa"],"_links":{"self":[{"href":"https:\/\/aconteceunovale.com.br\/portal\/index.php?rest_route=\/wp\/v2\/posts\/50496","targetHints":{"allow":["GET"]}}],"collection":[{"href":"https:\/\/aconteceunovale.com.br\/portal\/index.php?rest_route=\/wp\/v2\/posts"}],"about":[{"href":"https:\/\/aconteceunovale.com.br\/portal\/index.php?rest_route=\/wp\/v2\/types\/post"}],"author":[{"embeddable":true,"href":"https:\/\/aconteceunovale.com.br\/portal\/index.php?rest_route=\/wp\/v2\/users\/1"}],"replies":[{"embeddable":true,"href":"https:\/\/aconteceunovale.com.br\/portal\/index.php?rest_route=%2Fwp%2Fv2%2Fcomments&post=50496"}],"version-history":[{"count":0,"href":"https:\/\/aconteceunovale.com.br\/portal\/index.php?rest_route=\/wp\/v2\/posts\/50496\/revisions"}],"wp:featuredmedia":[{"embeddable":true,"href":"https:\/\/aconteceunovale.com.br\/portal\/index.php?rest_route=\/wp\/v2\/media\/12617"}],"wp:attachment":[{"href":"https:\/\/aconteceunovale.com.br\/portal\/index.php?rest_route=%2Fwp%2Fv2%2Fmedia&parent=50496"}],"wp:term":[{"taxonomy":"category","embeddable":true,"href":"https:\/\/aconteceunovale.com.br\/portal\/index.php?rest_route=%2Fwp%2Fv2%2Fcategories&post=50496"},{"taxonomy":"post_tag","embeddable":true,"href":"https:\/\/aconteceunovale.com.br\/portal\/index.php?rest_route=%2Fwp%2Fv2%2Ftags&post=50496"}],"curies":[{"name":"wp","href":"https:\/\/api.w.org\/{rel}","templated":true}]}}