{"id":50489,"date":"2015-01-19T17:24:57","date_gmt":"2015-01-19T20:24:57","guid":{"rendered":"http:\/\/aconteceunovale.com.br\/portal\/?p=50489"},"modified":"2015-01-19T17:24:57","modified_gmt":"2015-01-19T20:24:57","slug":"cemig-esclarece-interrupcao-de-energia-em-itamarandiba","status":"publish","type":"post","link":"https:\/\/aconteceunovale.com.br\/portal\/?p=50489","title":{"rendered":"Cemig esclarece interrup\u00e7\u00e3o de energia em Itamarandiba"},"content":{"rendered":"<h4><strong><em>Rompimento de um cabo de energia provocou a interrup\u00e7\u00e3o. Normaliza\u00e7\u00e3o do sistema aconteceu \u00e0s 17h38.<\/em><\/strong><\/h4>\n<p>A Companhia Energ\u00e9tica de Minas Gerais (Cemig) informa que a interrup\u00e7\u00e3o ocorrida ontem, 18 de janeiro, \u00e0s 10h04 na cidade de Itamarandiba, no Vale do Jequitinhonha, foi causada pelo rompimento de um cabo de energia.<\/p>\n<p>Desde que o problema foi identificado, t\u00e9cnicos e eletricistas da Empresa, realizaram manobras operativas para que seus clientes ficassem o menor tempo poss\u00edvel sem luz. Por medida de seguran\u00e7a, todo o circuito teve que ser vistoriado antes do reestabelecimento de energia.<\/p>\n<p>Devido \u00e0 complexidade do servi\u00e7o, a completa normaliza\u00e7\u00e3o do sistema aconteceu \u00e0s 17h38.<\/p>\n","protected":false},"excerpt":{"rendered":"<p>Rompimento de um cabo de energia provocou a interrup\u00e7\u00e3o. Normaliza\u00e7\u00e3o do sistema aconteceu \u00e0s 17h38. A Companhia Energ\u00e9tica de Minas Gerais (Cemig) informa que a interrup\u00e7\u00e3o ocorrida ontem, 18 de janeiro, \u00e0s 10h04 na cidade de Itamarandiba, no Vale do Jequitinhonha, foi causada pelo rompimento de um cabo de energia. Desde que o problema foi [&hellip;]<\/p>\n","protected":false},"author":1,"featured_media":50490,"comment_status":"open","ping_status":"closed","sticky":false,"template":"","format":"standard","meta":{"amp_status":"","footnotes":""},"categories":[120],"tags":[347,30592,18567,149],"class_list":["post-50489","post","type-post","status-publish","format-standard","has-post-thumbnail","hentry","category-jequi","tag-cemig","tag-cemig-esclarece-interrupcao-de-energia-em-itamarandiba","tag-companhia-energetica-de-minas-gerais","tag-itamarandiba"],"_links":{"self":[{"href":"https:\/\/aconteceunovale.com.br\/portal\/index.php?rest_route=\/wp\/v2\/posts\/50489","targetHints":{"allow":["GET"]}}],"collection":[{"href":"https:\/\/aconteceunovale.com.br\/portal\/index.php?rest_route=\/wp\/v2\/posts"}],"about":[{"href":"https:\/\/aconteceunovale.com.br\/portal\/index.php?rest_route=\/wp\/v2\/types\/post"}],"author":[{"embeddable":true,"href":"https:\/\/aconteceunovale.com.br\/portal\/index.php?rest_route=\/wp\/v2\/users\/1"}],"replies":[{"embeddable":true,"href":"https:\/\/aconteceunovale.com.br\/portal\/index.php?rest_route=%2Fwp%2Fv2%2Fcomments&post=50489"}],"version-history":[{"count":0,"href":"https:\/\/aconteceunovale.com.br\/portal\/index.php?rest_route=\/wp\/v2\/posts\/50489\/revisions"}],"wp:featuredmedia":[{"embeddable":true,"href":"https:\/\/aconteceunovale.com.br\/portal\/index.php?rest_route=\/wp\/v2\/media\/50490"}],"wp:attachment":[{"href":"https:\/\/aconteceunovale.com.br\/portal\/index.php?rest_route=%2Fwp%2Fv2%2Fmedia&parent=50489"}],"wp:term":[{"taxonomy":"category","embeddable":true,"href":"https:\/\/aconteceunovale.com.br\/portal\/index.php?rest_route=%2Fwp%2Fv2%2Fcategories&post=50489"},{"taxonomy":"post_tag","embeddable":true,"href":"https:\/\/aconteceunovale.com.br\/portal\/index.php?rest_route=%2Fwp%2Fv2%2Ftags&post=50489"}],"curies":[{"name":"wp","href":"https:\/\/api.w.org\/{rel}","templated":true}]}}