{"id":50485,"date":"2015-01-19T17:14:34","date_gmt":"2015-01-19T20:14:34","guid":{"rendered":"http:\/\/aconteceunovale.com.br\/portal\/?p=50485"},"modified":"2015-01-19T17:14:34","modified_gmt":"2015-01-19T20:14:34","slug":"prefeito-de-salinas-e-eleito-presidente-do-cisrun","status":"publish","type":"post","link":"https:\/\/aconteceunovale.com.br\/portal\/?p=50485","title":{"rendered":"Prefeito de Salinas \u00e9 eleito presidente do Cisrun"},"content":{"rendered":"<h4><strong><em>A posse dos eleitos para o bi\u00eanio 2015\/2016 ser\u00e1 no dia 28 de fevereiro<\/em><\/strong><\/h4>\n<p>Em assembleia geral realizada na manh\u00e3 desta segunda-feira, 19\/01, o prefeito de Salinas, Joaquim Neres Xavier Dias, foi eleito presidente do Cons\u00f3rcio Intermunicipal de Sa\u00fade da Rede de Urg\u00eancia do Norte de Minas (Cisrun) para o bi\u00eanio 2015\/2016.<\/p>\n<p>A assembleia foi realizada no audit\u00f3rio da Associa\u00e7\u00e3o dos Munic\u00edpios da \u00c1rea Mineira da Sudene (Amams), em Montes Claros, e contou com a participa\u00e7\u00e3o de 47 dos 84 prefeitos consorciados aptos a votar.<\/p>\n<p><img decoding=\"async\" src=\"http:\/\/aconteceunovale.com.br\/portal\/wp-content\/uploads\/2015\/01\/nova_diretoria_cisrun_19_1_2.jpg\" alt=\"\" \/><em>Nova diretoria foi eleita em assembleia realizada nesta segunda-feira &#8211; Foto: Jerusia Arruda \/ Divulga\u00e7\u00e3o<\/em><br \/>\n<\/br><\/p>\n<p>A elei\u00e7\u00e3o foi chapa de consenso e o Conselho Diretor ficou assim definido: presidente do Conselho Diretor: Joaquim Neres (Salinas); vice-presidente: Luiz Rocha Neto (S\u00e3o Francisco); Ricardo Afonso Veloso, 2\u00ba vice-presidente; 1\u00ba secret\u00e1rio: Jo\u00e3o Bosco (Vargem Grande do Rio Pardo) e 2\u00ba secret\u00e1ria, Maria das Dores Oliveira Duarte (Claro dos Po\u00e7\u00f5es). Os conselheiros eleitos foram: C\u00e9lio Caldeira da Fonseca Filho (Joaquim Fel\u00edcio); Jair Oliva Junior (Bras\u00edlia de Minas); Edm\u00e1rcio Moura Leal (Matias Cardoso); Jos\u00e9 Reis Nogueira de Barros (Bonito de Minas); Manoel Jorge de Castro (Janu\u00e1ria) e Evando Gon\u00e7alves da Silva (Lontra).<\/p>\n<p>J\u00e1 o Conselho Fiscal ter\u00e1 como presidente H\u00e9rcules Vandy (Lagoa dos Patos) e vice, Narques Rocha (Ninheira). O secret\u00e1rio-geral \u00e9 Silvanei Batista (Porteirinha) e os conselheiros: Anast\u00e1cio Guedes (Manga); Clever Aparecido Azevedo (Olhos D\u2019\u00c1gua); Arismar Ara\u00fajo Barbosa (S\u00e3o Jo\u00e3o do Pacu\u00ed); Geraldo Martins de Freitas (Glaucil\u00e2ndia); Joel Ferreira Lima (Ibiracatu); Luiz Carneiro (Buritizeiro); Vin\u00edcius Versiani (Patis) e Wagner Danilo Mendes (Serran\u00f3polis de Minas).<\/p>\n<p>A posse dos eleitos ser\u00e1 no dia 28 de fevereiro. Ao receber os cumprimentos pela elei\u00e7\u00e3o, o prefeito Joaquim Neres agradeceu a oportunidade e disse que ter\u00e1 uma \u00e1rdua tarefa pela frente. \u201cA sa\u00fade ainda \u00e9 o maior gargalo da gest\u00e3o p\u00fablica e temos o compromisso de ampliar e fortalecer o trabalho do Samu na regi\u00e3o. Nossa meta \u00e9 aumentar o n\u00famero de unidades de atendimento para encurtar as dist\u00e2ncias entre as bases do Samu. Para isso vamos trabalhar para aumentar o or\u00e7amento do Cisrun e precisamos nos manter unidos; munic\u00edpios, Estado e Uni\u00e3o; fortalecendo o cons\u00f3rcio, para que essa meta possa ser alcan\u00e7ada\u201d, conclama o prefeito.<\/p>\n<p>Joaquim Neres agradeceu aos prefeitos pelo voto de confian\u00e7a e pela compreens\u00e3o sobre a import\u00e2ncia da composi\u00e7\u00e3o da chapa \u00fanica, ressaltando que \u00e9 sempre melhor somar que dividir. \u201cA sa\u00fade n\u00e3o tem partido pol\u00edtico, mas um compromisso de todas as inst\u00e2ncias em fazer mais e melhor pela sa\u00fade do cidad\u00e3o\u201d, destacou.<\/p>\n<p>O presidente da Amams e prefeito de Capit\u00e3o En\u00e9as, C\u00e9sar Em\u00edlio, ressaltou a import\u00e2ncia do trabalho realizado pelo Cisrun e da necessidade de estreitar a parceria entre o cons\u00f3rcio e a associa\u00e7\u00e3o. \u201cAssim como a Amams, o Cisrun tamb\u00e9m come\u00e7a 2015 com uma nova diretoria, atrav\u00e9s de chapas de consenso. Vejo uma nova mentalidade dos colegas prefeitos que optaram em buscar o melhor entendimento atrav\u00e9s do di\u00e1logo democr\u00e1tico entre todas as correntes pol\u00edticas que fazem parte da nossa entidade e do Cisrun. Tenho certeza que atrav\u00e9s da nossa uni\u00e3o conquistaremos importantes projetos para nossa regi\u00e3o nos diversos setores da vida p\u00fablica. Garanto \u00e0 nova diretoria do Cisrun que a Amams ser\u00e1 sempre parceira\u201d, assegurou o presidente.<\/p>\n<p>Representando o Governo de Minas Gerais, o deputado estadual Paulo Guedes, que ir\u00e1 responder pela Secretaria do Desenvolvimento e Integra\u00e7\u00e3o do Norte e Nordeste de Minas Gerais (Sedinor), disse que a fun\u00e7\u00e3o da Sedinor \u00e9 ser interlocutora da regi\u00e3o, e uma das prioridades da pasta \u00e9 buscar a amplia\u00e7\u00e3o e fortalecimento do Samu e a melhoria da situa\u00e7\u00e3o dos hospitais. \u201cSe superarmos as dificuldades da assist\u00eancia \u00e0 sa\u00fade, j\u00e1 teremos um grande avan\u00e7o. Ent\u00e3o, vamos fortalecer a parceria com o Cisrun, dar sequ\u00eancia ao trabalho da equipe t\u00e9cnica e buscar, junto com a diretoria, manter a gest\u00e3o compartilhada da sa\u00fade na regi\u00e3o fortalecendo todos os pontos de aten\u00e7\u00e3o\u201d, ressalta.<\/p>\n<p>Ao encerrar os trabalhos, o atual presidente Ricardo Veloso agradeceu a todos dizendo que leva consigo uma conquista especial. \u201cApesar de a palavra partido denotar divis\u00e3o, partilha, a experi\u00eancia do Cisrun demonstra que sua maior for\u00e7a \u00e9 exatamente a soma da diversidade de ideias e ideais de cada partido, de cada prefeito. Estamos levando para frente n\u00e3o o que nos divide, mas que nos une. Essa \u00e9 raz\u00e3o maior dos bons resultados alcan\u00e7ados pelo Cisrun nesses anos; a uni\u00e3o e a parceria. Sinto-me honrado em fazer parte desse cap\u00edtulo t\u00e3o importante da hist\u00f3ria da sa\u00fade de nossa regi\u00e3o\u201d, agradece.<\/p>\n<p><img decoding=\"async\" src=\"http:\/\/aconteceunovale.com.br\/portal\/wp-content\/uploads\/2015\/01\/nova_diretoria_cisrun_19_1_1.jpg\" alt=\"\" \/><em>Nova diretoria foi eleita em assembleia realizada nesta segunda-feira &#8211; Foto: Jerusia Arruda \/ Divulga\u00e7\u00e3o<\/em><br \/>\n<\/br><\/p>\n<h4>Cisrun<\/h4>\n<p>O Cisrun foi constitu\u00eddo em janeiro de 2010 e \u00e9 respons\u00e1vel pela gest\u00e3o do Servi\u00e7o de Atendimento M\u00f3vel de Urg\u00eancia (SAMU) no Norte de Minas, integrando 86 munic\u00edpios da regi\u00e3o.<\/p>\n<p>Foi o primeiro cons\u00f3rcio p\u00fablico desta natureza constitu\u00eddo no pa\u00eds, e al\u00e9m de possibilitar mais agilidade nos procedimentos burocr\u00e1ticos e democratizar o gerenciamento do Samu, viabiliza o repasse de recursos, j\u00e1 que tanto a Uni\u00e3o quanto o Estado restringiram seus investimentos para os cons\u00f3rcios p\u00fablicos. <\/p>\n<p>O funcionamento do Samu Macro Norte depende diretamente do Cisrun, que \u00e9 respons\u00e1vel pelo gerenciamento dos recursos de custeio do servi\u00e7o. Tamb\u00e9m \u00e9 compet\u00eancia do Cisrun dar suporte infraestrutural \u00e0s 36 bases descentralizadas e ao Complexo Regulador Macrorregional, em Montes Claros, onde funciona a central de regula\u00e7\u00e3o de urg\u00eancia do Samu.<\/p>\n","protected":false},"excerpt":{"rendered":"<p>A posse dos eleitos para o bi\u00eanio 2015\/2016 ser\u00e1 no dia 28 de fevereiro Em assembleia geral realizada na manh\u00e3 desta segunda-feira, 19\/01, o prefeito de Salinas, Joaquim Neres Xavier Dias, foi eleito presidente do Cons\u00f3rcio Intermunicipal de Sa\u00fade da Rede de Urg\u00eancia do Norte de Minas (Cisrun) para o bi\u00eanio 2015\/2016. A assembleia foi [&hellip;]<\/p>\n","protected":false},"author":1,"featured_media":50487,"comment_status":"open","ping_status":"closed","sticky":false,"template":"","format":"standard","meta":{"amp_status":"","footnotes":""},"categories":[1236],"tags":[949,30584,30586,14804,1799,195,1535,30576,22050,30570,2801,30585,22051,30569,30577,30580,30587,1693,30581,1704,29807,205,30574,1043,30572,30588,30578,1698,1796,30589,22619,1356,30579,30575,1708,210,30582,1804,30571,973,1700,1194,30573,14636,190,1522,1701,2671,30583,3046,30590,30591],"class_list":["post-50485","post","type-post","status-publish","format-standard","has-post-thumbnail","hentry","category-norte_de_minas","tag-amams","tag-anastacio-guedes","tag-arismar-araujo-barbosa","tag-associacao-dos-municipios-da-area-mineira-da-sudene","tag-bonito-de-minas","tag-brasilia-de-minas","tag-buritizeiro","tag-celio-caldeira-da-fonseca-filho","tag-cisrun","tag-cisrun-elege-nova-diretoria","tag-claro-dos-pocoes","tag-clever-aparecido-azevedo","tag-consorcio-intermunicipal-de-saude-da-rede-de-urgencia-do-norte-de-minas","tag-consorcio-intermunicipal-de-saude-da-rede-de-urgencia-do-norte-de-minas-elege-nova-diretoria","tag-edmarcio-moura-leal","tag-evando-goncalves-da-silva","tag-geraldo-martins-de-freitas","tag-glaucilandia","tag-hercules-vandy","tag-ibiracatu","tag-jair-oliva-junior","tag-januaria","tag-joao-bosco","tag-joaquim-felicio","tag-joaquim-neres-xavier-dias","tag-joel-ferreira-lima","tag-jose-reis-nogueira-de-barros","tag-lagoa-dos-patos","tag-lontra","tag-luiz-carneiro","tag-luiz-rocha-neto","tag-manga","tag-manoel-jorge-de-castro","tag-maria-das-dores-oliveira-duarte","tag-matias-cardoso","tag-montes-claros","tag-narques-rocha","tag-ninheira","tag-nova-diretoria-do-cisrun","tag-olhos-dagua","tag-patis","tag-porteirinha","tag-prefeito-de-salinas-e-eleito-presidente-do-cisrun","tag-ricardo-afonso-veloso","tag-salinas","tag-sao-francisco","tag-sao-joao-do-pacui","tag-serranopolis-de-minas","tag-silvanei-batista","tag-vargem-grande-do-rio-pardo","tag-vinicius-versiani","tag-wagner-danilo-mendes"],"_links":{"self":[{"href":"https:\/\/aconteceunovale.com.br\/portal\/index.php?rest_route=\/wp\/v2\/posts\/50485","targetHints":{"allow":["GET"]}}],"collection":[{"href":"https:\/\/aconteceunovale.com.br\/portal\/index.php?rest_route=\/wp\/v2\/posts"}],"about":[{"href":"https:\/\/aconteceunovale.com.br\/portal\/index.php?rest_route=\/wp\/v2\/types\/post"}],"author":[{"embeddable":true,"href":"https:\/\/aconteceunovale.com.br\/portal\/index.php?rest_route=\/wp\/v2\/users\/1"}],"replies":[{"embeddable":true,"href":"https:\/\/aconteceunovale.com.br\/portal\/index.php?rest_route=%2Fwp%2Fv2%2Fcomments&post=50485"}],"version-history":[{"count":0,"href":"https:\/\/aconteceunovale.com.br\/portal\/index.php?rest_route=\/wp\/v2\/posts\/50485\/revisions"}],"wp:featuredmedia":[{"embeddable":true,"href":"https:\/\/aconteceunovale.com.br\/portal\/index.php?rest_route=\/wp\/v2\/media\/50487"}],"wp:attachment":[{"href":"https:\/\/aconteceunovale.com.br\/portal\/index.php?rest_route=%2Fwp%2Fv2%2Fmedia&parent=50485"}],"wp:term":[{"taxonomy":"category","embeddable":true,"href":"https:\/\/aconteceunovale.com.br\/portal\/index.php?rest_route=%2Fwp%2Fv2%2Fcategories&post=50485"},{"taxonomy":"post_tag","embeddable":true,"href":"https:\/\/aconteceunovale.com.br\/portal\/index.php?rest_route=%2Fwp%2Fv2%2Ftags&post=50485"}],"curies":[{"name":"wp","href":"https:\/\/api.w.org\/{rel}","templated":true}]}}