{"id":50480,"date":"2015-01-19T14:25:55","date_gmt":"2015-01-19T17:25:55","guid":{"rendered":"http:\/\/aconteceunovale.com.br\/portal\/?p=50480"},"modified":"2015-01-19T14:25:55","modified_gmt":"2015-01-19T17:25:55","slug":"capotamento-de-veiculo-deixa-um-morto-e-dois-feridos-em-almenara","status":"publish","type":"post","link":"https:\/\/aconteceunovale.com.br\/portal\/?p=50480","title":{"rendered":"Capotamento de ve\u00edculo deixa um morto e dois feridos em Almenara"},"content":{"rendered":"<h4><strong><em>Acidente aconteceu na MG-406, entre Almenara e Pedra Grande. Mulher de 56 anos morreu no local.<\/em><\/strong><\/h4>\n<p>Uma pessoa morreu e duas ficaram feridas em um acidente na manh\u00e3 desta segunda-feira, 19 de janeiro, na MG-406, entre Almenara e o distrito de Pedra Grande, no Vale do Jequitinhonha. De acordo com informa\u00e7\u00f5es, a condutora do Fiat Uno placa GXU-2138, Geizibel Matias Souza, de 30 anos, perdeu o controle da dire\u00e7\u00e3o em uma curva, bateu no barranco e o ve\u00edculo capotou.<\/p>\n<p>Com o impacto do acidente, a passageira Adenice Bernardes Matias, de 56 anos, n\u00e3o resistiu aos graves ferimentos e morreu no local. A condutora e uma crian\u00e7a de 10 anos foram socorridas ao Hospital Deraldo Guimar\u00e3es, em Almenara, com ferimentos leves.<\/p>\n<p>A Per\u00edcia T\u00e9cnica da Pol\u00edcia Civil foi acionada e ap\u00f3s os procedimentos de praxe, o corpo da v\u00edtima fatal foi liberado e encaminhado para o Instituto M\u00e9dico Legal (IML) de Almenara.<\/p>\n<p><img decoding=\"async\" src=\"http:\/\/aconteceunovale.com.br\/portal\/wp-content\/uploads\/2015\/01\/acidente_almenara_19_1_1.jpg\" alt=\"\" \/>Acidente aconteceu na MG-406, entre Almenara e Pedra Grande &#8211; Foto: Reprodu\u00e7\u00e3o\/WhatsApp<br \/>\n<\/br><\/p>\n<p><img decoding=\"async\" src=\"http:\/\/aconteceunovale.com.br\/portal\/wp-content\/uploads\/2015\/01\/acidente_almenara_19_1_2.jpg\" alt=\"\" \/>Acidente aconteceu na MG-406, entre Almenara e Pedra Grande &#8211; Foto: Reprodu\u00e7\u00e3o\/WhatsApp<\/p>\n","protected":false},"excerpt":{"rendered":"<p>Acidente aconteceu na MG-406, entre Almenara e Pedra Grande. Mulher de 56 anos morreu no local. Uma pessoa morreu e duas ficaram feridas em um acidente na manh\u00e3 desta segunda-feira, 19 de janeiro, na MG-406, entre Almenara e o distrito de Pedra Grande, no Vale do Jequitinhonha. De acordo com informa\u00e7\u00f5es, a condutora do Fiat [&hellip;]<\/p>\n","protected":false},"author":1,"featured_media":50483,"comment_status":"open","ping_status":"closed","sticky":false,"template":"","format":"standard","meta":{"amp_status":"","footnotes":""},"categories":[120],"tags":[19358,30566,30568,142,30565,30567,455,4332],"class_list":["post-50480","post","type-post","status-publish","format-standard","has-post-thumbnail","hentry","category-jequi","tag-acidente-em-almenara","tag-acidente-na-estrada-de-pedra-grande","tag-adenice-bernardes-matias","tag-almenara","tag-capotamento-de-veiculo-deixa-um-morto-e-dois-feridos-em-almenara","tag-geizibel-matias-souza","tag-pedra-azul","tag-pedra-grande"],"_links":{"self":[{"href":"https:\/\/aconteceunovale.com.br\/portal\/index.php?rest_route=\/wp\/v2\/posts\/50480","targetHints":{"allow":["GET"]}}],"collection":[{"href":"https:\/\/aconteceunovale.com.br\/portal\/index.php?rest_route=\/wp\/v2\/posts"}],"about":[{"href":"https:\/\/aconteceunovale.com.br\/portal\/index.php?rest_route=\/wp\/v2\/types\/post"}],"author":[{"embeddable":true,"href":"https:\/\/aconteceunovale.com.br\/portal\/index.php?rest_route=\/wp\/v2\/users\/1"}],"replies":[{"embeddable":true,"href":"https:\/\/aconteceunovale.com.br\/portal\/index.php?rest_route=%2Fwp%2Fv2%2Fcomments&post=50480"}],"version-history":[{"count":0,"href":"https:\/\/aconteceunovale.com.br\/portal\/index.php?rest_route=\/wp\/v2\/posts\/50480\/revisions"}],"wp:featuredmedia":[{"embeddable":true,"href":"https:\/\/aconteceunovale.com.br\/portal\/index.php?rest_route=\/wp\/v2\/media\/50483"}],"wp:attachment":[{"href":"https:\/\/aconteceunovale.com.br\/portal\/index.php?rest_route=%2Fwp%2Fv2%2Fmedia&parent=50480"}],"wp:term":[{"taxonomy":"category","embeddable":true,"href":"https:\/\/aconteceunovale.com.br\/portal\/index.php?rest_route=%2Fwp%2Fv2%2Fcategories&post=50480"},{"taxonomy":"post_tag","embeddable":true,"href":"https:\/\/aconteceunovale.com.br\/portal\/index.php?rest_route=%2Fwp%2Fv2%2Ftags&post=50480"}],"curies":[{"name":"wp","href":"https:\/\/api.w.org\/{rel}","templated":true}]}}