{"id":50477,"date":"2015-01-19T14:15:13","date_gmt":"2015-01-19T17:15:13","guid":{"rendered":"http:\/\/aconteceunovale.com.br\/portal\/?p=50477"},"modified":"2015-01-19T14:15:13","modified_gmt":"2015-01-19T17:15:13","slug":"escala-de-pagamento-do-ipva-comeca-nesta-segunda-feira-em-minas-gerais","status":"publish","type":"post","link":"https:\/\/aconteceunovale.com.br\/portal\/?p=50477","title":{"rendered":"Escala de pagamento do IPVA come\u00e7a nesta segunda-feira em Minas Gerais"},"content":{"rendered":"<h4><strong><em>Imposto teve redu\u00e7\u00e3o m\u00e9dia de 3,73% em compara\u00e7\u00e3o ao ano passado. Arrecada\u00e7\u00e3o \u00e9 aplicada em a\u00e7\u00f5es que beneficiam a popula\u00e7\u00e3o<\/em><\/strong><\/h4>\n<p>Come\u00e7a nesta segunda-feira (19\/01) a escala de pagamento do Imposto sobre Propriedade de Ve\u00edculos Automotores (IPVA) 2015 em Minas Gerais. Nesta data, devem quitar o imposto os propriet\u00e1rios de ve\u00edculos com placas final 1. A escala dos vencimentos prossegue at\u00e9 o dia 30 deste m\u00eas.\u00a0<a href=\"http:\/\/diarioeletronico.fazenda.mg.gov.br\/\" target=\"_blank\">Clique aqui<\/a>\u00a0para conferir a tabela completa.<\/p>\n<p>Os recursos das contribui\u00e7\u00f5es de IPVA s\u00e3o distribu\u00eddos para o caixa \u00fanico do Estado (40%), para o munic\u00edpio de emplacamento (40%) e para o Fundo de Manuten\u00e7\u00e3o e Desenvolvimento da Educa\u00e7\u00e3o B\u00e1sica e de Valoriza\u00e7\u00e3o dos Profissionais da Educa\u00e7\u00e3o (Fundeb). Constru\u00e7\u00e3o e reparos de estradas, moradias, viadutos e escolas, bem como a compra e a distribui\u00e7\u00e3o de alimentos e de rem\u00e9dios, est\u00e3o entre as possibilidades de utiliza\u00e7\u00e3o da verba, que n\u00e3o \u00e9 totalmente direcionada para a manuten\u00e7\u00e3o das vias p\u00fablicas.<\/p>\n<p>O pagamento do IPVA de 2015 pode ser feito diretamente nos terminais de Auto Atendimento ou guich\u00eas de Caixa dos Agentes Arrecadadores autorizados, bastando informar o n\u00famero do Renavam do ve\u00edculo. A emiss\u00e3o da Guia de arrecada\u00e7\u00e3o do IPVA poder\u00e1 ser feita tamb\u00e9m pelo site da\u00a0<a href=\"http:\/\/www.fazenda.mg.gov.br\/\" target=\"_blank\">Secretaria de Estado da Fazenda (SEF)<\/a>, nas Reparti\u00e7\u00f5es Fazend\u00e1rias e Unidades de Atendimento Integrado (UAI).<\/p>\n<p>As consultas de valores do IPVA tamb\u00e9m podem ser feitas pelo telefone 155 e por meio do aplicativo gratuito para smartphones e tablets. O n\u00e3o pagamento do IPVA nos prazos estabelecidos gera multa de 0,3% ao dia (at\u00e9 o 30\u00ba dia), multa de 20% ap\u00f3s o 30\u00ba dia e juros (Selic) calculados sobre o valor do imposto ou das parcelas, conforme o caso.<\/p>\n<h4><strong>Pagamento \u00e0 vista traz economia<\/strong><\/h4>\n<p>\u00c9 mais vantajoso para o contribuinte quitar a cota \u00fanica do IPVA do que parcelar o pagamento em tr\u00eas vezes, com vencimentos nos meses de janeiro, fevereiro e mar\u00e7o. Uma conta simples mostra que vale a pena o propriet\u00e1rio do ve\u00edculo aproveitar o abatimento oferecido pelo Estado, de 3%, mediante o pagamento da cota \u00fanica at\u00e9 a data indicada, de acordo com o final da placa.<\/p>\n<p>Para tirar a prova, basta o contribuinte calcular quanto renderia uma aplica\u00e7\u00e3o financeira no valor total do IPVA nos meses em que o tributo seria parcelado. Geralmente, o rendimento da aplica\u00e7\u00e3o ser\u00e1 menor que o desconto oferecido pelo Estado, o que justifica o pagamento \u00e0 vista.<\/p>\n<p>Al\u00e9m do aspecto financeiro, ao pagar o IPVA \u00e0 vista, a Taxa de Licenciamento Anual de Ve\u00edculo (TRLAV), o Seguro Obrigat\u00f3rio e eventuais multas, o contribuinte recebe a documenta\u00e7\u00e3o do ve\u00edculo em casa, com anteced\u00eancia.<\/p>\n<h4><strong>C\u00e1lculo do IPVA<\/strong><\/h4>\n<p>Em Minas Gerais o IPVA \u00e9 calculado aplicando-se sobre o valor dos ve\u00edculos as al\u00edquotas estabelecidas, que variam de 1% (\u00f4nibus, caminh\u00e3o e trator) a 4% (autom\u00f3veis e utilit\u00e1rios).<\/p>\n<p>Para ve\u00edculo novo, a base de c\u00e1lculo \u00e9 o pre\u00e7o total que consta no documento fiscal de venda. No caso de ve\u00edculo usado, a base de c\u00e1lculo \u00e9 o pre\u00e7o m\u00e9dio praticado no mercado. Desde 2008, a cota\u00e7\u00e3o \u00e9 realizada pela Funda\u00e7\u00e3o Instituto de Pesquisas Econ\u00f4micas (Fipe) com supervis\u00e3o dos t\u00e9cnicos da SEF.<\/p>\n<p>Conforme as regras do c\u00e1lculo, o propriet\u00e1rio de um autom\u00f3vel no valor R$ 50.000,00, por exemplo, vai pagar em 2015 R$ 2.000,00 de IPVA. C\u00e1lculo:\u00a0 5% x 50.000,00 = R$ 2.000,00. Caso a op\u00e7\u00e3o seja pelo pagamento em cota \u00fanica, o valor do IPVA cai para R$ 1940,00, uma economia de R$ 60. (Ag\u00eancia Minas)<\/p>\n","protected":false},"excerpt":{"rendered":"<p>Imposto teve redu\u00e7\u00e3o m\u00e9dia de 3,73% em compara\u00e7\u00e3o ao ano passado. Arrecada\u00e7\u00e3o \u00e9 aplicada em a\u00e7\u00f5es que beneficiam a popula\u00e7\u00e3o Come\u00e7a nesta segunda-feira (19\/01) a escala de pagamento do Imposto sobre Propriedade de Ve\u00edculos Automotores (IPVA) 2015 em Minas Gerais. Nesta data, devem quitar o imposto os propriet\u00e1rios de ve\u00edculos com placas final 1. A [&hellip;]<\/p>\n","protected":false},"author":1,"featured_media":50478,"comment_status":"open","ping_status":"closed","sticky":false,"template":"","format":"standard","meta":{"amp_status":"","footnotes":""},"categories":[123],"tags":[30564,30563,30562,29894,29893],"class_list":["post-50477","post","type-post","status-publish","format-standard","has-post-thumbnail","hentry","category-gerais","tag-calculo-do-ipva","tag-escala-de-pagamento-do-ipva","tag-escala-de-pagamento-do-ipva-comeca-nesta-segunda-feira-em-minas-gerais","tag-ipva","tag-pagamento-do-ipva"],"_links":{"self":[{"href":"https:\/\/aconteceunovale.com.br\/portal\/index.php?rest_route=\/wp\/v2\/posts\/50477","targetHints":{"allow":["GET"]}}],"collection":[{"href":"https:\/\/aconteceunovale.com.br\/portal\/index.php?rest_route=\/wp\/v2\/posts"}],"about":[{"href":"https:\/\/aconteceunovale.com.br\/portal\/index.php?rest_route=\/wp\/v2\/types\/post"}],"author":[{"embeddable":true,"href":"https:\/\/aconteceunovale.com.br\/portal\/index.php?rest_route=\/wp\/v2\/users\/1"}],"replies":[{"embeddable":true,"href":"https:\/\/aconteceunovale.com.br\/portal\/index.php?rest_route=%2Fwp%2Fv2%2Fcomments&post=50477"}],"version-history":[{"count":0,"href":"https:\/\/aconteceunovale.com.br\/portal\/index.php?rest_route=\/wp\/v2\/posts\/50477\/revisions"}],"wp:featuredmedia":[{"embeddable":true,"href":"https:\/\/aconteceunovale.com.br\/portal\/index.php?rest_route=\/wp\/v2\/media\/50478"}],"wp:attachment":[{"href":"https:\/\/aconteceunovale.com.br\/portal\/index.php?rest_route=%2Fwp%2Fv2%2Fmedia&parent=50477"}],"wp:term":[{"taxonomy":"category","embeddable":true,"href":"https:\/\/aconteceunovale.com.br\/portal\/index.php?rest_route=%2Fwp%2Fv2%2Fcategories&post=50477"},{"taxonomy":"post_tag","embeddable":true,"href":"https:\/\/aconteceunovale.com.br\/portal\/index.php?rest_route=%2Fwp%2Fv2%2Ftags&post=50477"}],"curies":[{"name":"wp","href":"https:\/\/api.w.org\/{rel}","templated":true}]}}