{"id":50463,"date":"2015-01-19T11:17:43","date_gmt":"2015-01-19T14:17:43","guid":{"rendered":"http:\/\/aconteceunovale.com.br\/portal\/?p=50463"},"modified":"2015-01-19T11:17:43","modified_gmt":"2015-01-19T14:17:43","slug":"aviao-da-azul-que-saiu-de-minas-gerais-faz-pouso-forcado-no-rs","status":"publish","type":"post","link":"https:\/\/aconteceunovale.com.br\/portal\/?p=50463","title":{"rendered":"Avi\u00e3o da Azul que saiu de Minas Gerais faz pouso for\u00e7ado no RS"},"content":{"rendered":"<h4><strong><em>Voo 4111 apresentou falha mec\u00e2nica e teve que descer na base \u00e1rea de Canoas. Deputado mineiro J\u00falio Delgado estava a bordo da aeronave.<\/em><\/strong><\/h4>\n<p>Um avi\u00e3o da Azul Linhas \u00c1reas que decolou do Aeroporto de Confins, na Regi\u00e3o Metropolitana de Belo Horizonte com destino ao Aeroporto Salgado Filho, em Porto Alegre, precisou fazer um pouso for\u00e7ado na base \u00e1rea de Canoas, na manh\u00e3 desta segunda-feira. Segundo a empresa, a aeronave teve um problema t\u00e9cnico e, por isso, foi preciso mudar de rota.<\/p>\n<p>O deputado federal Beto Albuquerque (PSB), que estava aguardando o deputado Julio Delgado para atividades em Pouso Alegre, comentou o incidente no Twitter. <em>&#8220;Azul faz pouso de emerg\u00eancia na base a\u00e9rea de Canoas ap\u00f3s 3 tentativas em Poa. Felizmente deu td certo. Candidato Julio Delgado est\u00e1 a bordo. Gra\u00e7as a Deus pouso de emerg\u00eancia da Azul na base a\u00e9rea\/ Canoas ocorreu com precis\u00e3o. Benvindo Dep Julio Delgado!&#8221;<\/em>. (sic)<\/p>\n<p><img decoding=\"async\" src=\"http:\/\/aconteceunovale.com.br\/portal\/wp-content\/uploads\/2015\/01\/pouso_forcado_azul_1.jpg\" alt=\"\" \/><em>Avi\u00e3o da Azul decolou de Confins e seguia para Porto Alegre &#8211; Foto: Reprodu\u00e7\u00e3o<\/em><br \/>\n<\/br><\/p>\n<h4>Problemas t\u00e9cnicos<\/h4>\n<p>Leia a nota da Azul sobre o problema com o avi\u00e3o:<\/p>\n<p><em>&#8220;S\u00e3o Paulo, 19 de janeiro de 2015 &#8211; &#8220;A Azul Linhas \u00c1reas Brasileiras informa que o voo 4111, com origem em Belo Horizonte, aeroporto de Confins e destino Porto Alegre, precisou alternar sua rota para a base \u00e1rea de Canoas por conta de um problema de ordem t\u00e9cnina na aeronave. Os clientes foram prontalmente assistidos de acordo com a Resolu\u00e7\u00e3o 141 da Ag\u00eancia Nacional de Avia\u00e7\u00e3o Civil (Anac) e ser\u00e3o reacomodados em outros voos. A Azul lamenta eventuais transtornos e ressalta que medidas como essas s\u00e3o necess\u00e1rias para conferir a seguran\u00e7a de suas opera\u00e7\u00f5es&#8221;<\/p>\n<p>O Embraer 195, tamb\u00e9m conhecido como Embraer 190-200, \u00e9 o maior avi\u00e3o j\u00e1 fabricado pela Embraer, fez seu primeiro voo em 2004 e come\u00e7ou a operar em 2006. Com capacidade m\u00e1xima para 124 passageiros, no Brasil \u00e9 usado apenas pela Azul Linhas A\u00e9reas, embora a Gol tenha manifestado inten\u00e7\u00e3o de utilizar o modelo para voos regionais. Segundo o site da fabricante, em 2009 600 Embraer 195 operavam em 30 companhias a\u00e9reas, atendendo 46 pa\u00edses.<\/em><\/p>\n<p><strong><em>(Estado de Minas)<\/em><\/strong><\/p>\n","protected":false},"excerpt":{"rendered":"<p>Voo 4111 apresentou falha mec\u00e2nica e teve que descer na base \u00e1rea de Canoas. Deputado mineiro J\u00falio Delgado estava a bordo da aeronave. Um avi\u00e3o da Azul Linhas \u00c1reas que decolou do Aeroporto de Confins, na Regi\u00e3o Metropolitana de Belo Horizonte com destino ao Aeroporto Salgado Filho, em Porto Alegre, precisou fazer um pouso for\u00e7ado [&hellip;]<\/p>\n","protected":false},"author":1,"featured_media":50465,"comment_status":"open","ping_status":"closed","sticky":false,"template":"","format":"standard","meta":{"amp_status":"","footnotes":""},"categories":[123],"tags":[30540,30541,30539,194,30547,30544,22090,30546,30545,30543,30542],"class_list":["post-50463","post","type-post","status-publish","format-standard","has-post-thumbnail","hentry","category-gerais","tag-aviao-da-azul-linhas-areas-que-decolou-do-aeroporto-de-confins","tag-aviao-da-azul-linhas-areas-que-decolou-do-aeroporto-de-confins-precisou-fazer-um-pouso-forcado-na-base-area-de-canoas","tag-aviao-da-azul-que-saiu-de-minas-gerais-faz-pouso-forcado-no-rs","tag-belo-horizonte","tag-beto-albuquerque","tag-canoas","tag-confins","tag-deputado-federal-beto-albuquerque","tag-deputado-julio-delgado","tag-pouso-forcado-de-aviao-da-azul-em-canoas","tag-pouso-forcado-de-aviao-da-azul-que-saiu-de-confins"],"_links":{"self":[{"href":"https:\/\/aconteceunovale.com.br\/portal\/index.php?rest_route=\/wp\/v2\/posts\/50463","targetHints":{"allow":["GET"]}}],"collection":[{"href":"https:\/\/aconteceunovale.com.br\/portal\/index.php?rest_route=\/wp\/v2\/posts"}],"about":[{"href":"https:\/\/aconteceunovale.com.br\/portal\/index.php?rest_route=\/wp\/v2\/types\/post"}],"author":[{"embeddable":true,"href":"https:\/\/aconteceunovale.com.br\/portal\/index.php?rest_route=\/wp\/v2\/users\/1"}],"replies":[{"embeddable":true,"href":"https:\/\/aconteceunovale.com.br\/portal\/index.php?rest_route=%2Fwp%2Fv2%2Fcomments&post=50463"}],"version-history":[{"count":0,"href":"https:\/\/aconteceunovale.com.br\/portal\/index.php?rest_route=\/wp\/v2\/posts\/50463\/revisions"}],"wp:featuredmedia":[{"embeddable":true,"href":"https:\/\/aconteceunovale.com.br\/portal\/index.php?rest_route=\/wp\/v2\/media\/50465"}],"wp:attachment":[{"href":"https:\/\/aconteceunovale.com.br\/portal\/index.php?rest_route=%2Fwp%2Fv2%2Fmedia&parent=50463"}],"wp:term":[{"taxonomy":"category","embeddable":true,"href":"https:\/\/aconteceunovale.com.br\/portal\/index.php?rest_route=%2Fwp%2Fv2%2Fcategories&post=50463"},{"taxonomy":"post_tag","embeddable":true,"href":"https:\/\/aconteceunovale.com.br\/portal\/index.php?rest_route=%2Fwp%2Fv2%2Ftags&post=50463"}],"curies":[{"name":"wp","href":"https:\/\/api.w.org\/{rel}","templated":true}]}}