{"id":50451,"date":"2015-01-19T10:44:47","date_gmt":"2015-01-19T13:44:47","guid":{"rendered":"http:\/\/aconteceunovale.com.br\/portal\/?p=50451"},"modified":"2015-01-19T10:44:47","modified_gmt":"2015-01-19T13:44:47","slug":"carnaval-de-belo-horizonte-cresce-e-atrai-folioes-de-cidades-do-interior-com-tradicao-carnavalesca","status":"publish","type":"post","link":"https:\/\/aconteceunovale.com.br\/portal\/?p=50451","title":{"rendered":"Carnaval de Belo Horizonte cresce e atrai foli\u00f5es de cidades do interior com tradi\u00e7\u00e3o carnavalesca"},"content":{"rendered":"<h4><strong><em>Munic\u00edpios como Diamantina e Sabar\u00e1 avaliam que crescimento do carnaval na capital reduz p\u00fablico em outras cidades. Falta de recursos tamb\u00e9m \u00e9 problema no interior: pelo menos quatro prefeituras j\u00e1 cancelaram festa.<\/em><\/strong><\/h4>\n<p>O carnaval em Minas mudou de rota. Com o crescimento da festa em Belo Horizonte no ano passado e diante da expectativa da capital de receber at\u00e9 1,5 milh\u00e3o de pessoas na folia deste ano, cidades do interior com forte tradi\u00e7\u00e3o carnavalesca admitem ter perdido foli\u00f5es. Algumas est\u00e3o tendo de reinventar suas festas e, al\u00e9m de atra\u00e7\u00f5es locais e grupos de batucadas, investem em artistas de express\u00e3o nacional para tentar atrair visitantes. Em pelo menos quatro munic\u00edpios, o problema \u00e9 outro. Com poucos recursos para bancar blocos de carnaval ou escolas de samba, quatro prefeituras cancelaram as festividades de 2015. Por quest\u00f5es econ\u00f4micas, Formiga (Centro-Oeste), Mateus Leme (Central), Santa Maria de Itabira (Vale do A\u00e7o) e Santos Dumont (Zona da Mata) est\u00e3o fora do circuito de carnaval.<\/p>\n<p>Em Diamantina, no Vale do Jequitinhonha, a op\u00e7\u00e3o foi alterar o perfil da festa depois que a prefeitura percebeu redu\u00e7\u00e3o de 10% no n\u00famero de visitantes do ano passado. \u201cTodos os anos fazemos uma pesquisa durante o carnaval com quest\u00f5es relacionadas \u00e0 origem dos turistas, meio de transporte, hospedagem, entre outras. O estudo de 2014, quando 20 mil turistas vieram para Diamantina, mostrou queda significativa de pessoas de Belo Horizonte\u201d, afirmou o secret\u00e1rio de Cultura, Turismo e Patrim\u00f4nio, Walter Cardoso Fran\u00e7a Junior. Ele lembra que, como BH n\u00e3o tinha tradi\u00e7\u00e3o durante esta \u00e9poca do ano, as cidades coloniais e destinos mais agitados ficavam lotadas. Situa\u00e7\u00e3o que se inverteu no ano passado. \u201cHouve uma explos\u00e3o do movimento de blocos de rua na capital e o interior sentiu esse esvaziamento\u201d, disse o secret\u00e1rio.<\/p>\n<p>Para alcan\u00e7ar a expectativa de 30 mil visitantes na folia deste ano, o investimento foi pesado. Na cidade, a festa tradicionalmente marcada pelos bloquinhos de rua e bandas Bartucada e Bat Caverna, v\u00e3o ganhar refor\u00e7o dos grupos Biquini Cavad\u00e3o, Jota Quest, Inimigos da HP, Samb\u00f4 e do cantor Wilson Sideral. \u201cAs pesquisas dos \u00faltimos cinco anos mostravam que o p\u00fablico queria alguma atra\u00e7\u00e3o de fora. Diamantina nunca teve perfil de ax\u00e9. Por isso, estamos arriscando em pop rock, estilo para o p\u00fablico mais adulto\u201d, afirmou Walter. Por l\u00e1, ser\u00e3o 367 horas de shows durante seis dias. As bandas v\u00e3o tocar em tr\u00eas pontos da cidade, de 15h \u00e0s 6h. A folia em Diamantina custar\u00e1 em torno de R$ 2 milh\u00f5es. Por acordo com o Minist\u00e9rio P\u00fablico, o munic\u00edpio e a empresa terceirizada para organizar a festa devem ter gastos proporcionais.<\/p>\n<p>Em Sabar\u00e1, na Regi\u00e3o Metropolitana, a prefeitura teme perder foli\u00f5es este ano. \u201cO carnaval em BH cresceu muito. Como estamos ao lado da capital, j\u00e1 estamos tomando provid\u00eancias para que a cidade n\u00e3o fique vazia\u201d, explicou o secret\u00e1rio de Turismo de Sabar\u00e1, Saulo Laranjeira. Segundo ele, o planejamento inclui a contrata\u00e7\u00e3o de artistas conhecidos. \u201cAinda n\u00e3o fechamos a programa\u00e7\u00e3o, mas a lista para escolha conta com artistas considerados patrim\u00f4nio da cultura brasileira\u201d, disse Saulo. Os m\u00fasicos de fora ser\u00e3o um refor\u00e7o para as tradicionais apresenta\u00e7\u00f5es de blocos caricatos, bandas de marchinhas e escolas de samba da cidade.<\/p>\n<p>O diretor de eventos de Ouro Preto, na Regi\u00e3o Central, Carlos Roberto Pedro disse que 60 mil pessoas visitaram a cidade no carnaval do ano passado, n\u00famero considerado bom. Apesar das ruas cheias, ele afirma que muitos turistas de BH deixaram de ir por causa do crescimento da festa na capital. \u201cRecebemos muitas pessoas de Belo Horizonte, mas esse n\u00famero poderia ter sido maior\u201d, disse. Este ano, a estrat\u00e9gia para atrair 65 mil foli\u00f5es \u00e9 investir nas atra\u00e7\u00f5es e infraestrutura. Uma empresa credenciada pela Lei de Incentivo \u00e0 Cultura arrecadou R$ 1,5 milh\u00e3o para aplicar na festa no centro hist\u00f3rico, enquanto a prefeitura organiza o carnaval nos distritos.<\/p>\n<h4>Abad\u00e1s <\/h4>\n<p>Outra atra\u00e7\u00e3o da festa em Ouro Preto s\u00e3o os eventos fechados, organizados por universit\u00e1rios em centros de conven\u00e7\u00e3o e gin\u00e1sios, com venda de abad\u00e1s e programa\u00e7\u00e3o entre 13h e 19h. As festas pagas tamb\u00e9m s\u00e3o aposta de Pomp\u00e9u, na Regi\u00e3o Central, para manter o carnaval em alta. Segundo o prefeito Joaquim Campos Reis (PPS), o perfil diferenciado da festa na cidade \u2013 com shows de ax\u00e9, venda de camarotes e de abad\u00e1s \u2013 \u00e9 um modelo consolidado no estado, que atrai p\u00fablico diferente de quem gosta de marchinhas e blocos de rua. \u201cS\u00e3o 18 anos de tradi\u00e7\u00e3o. De todo modo, vamos monitorar a visita\u00e7\u00e3o na cidade, tendo em vista o crescimento do carnaval de BH\u201d, afirmou o prefeito.<\/p>\n<p>Al\u00e9m da previs\u00e3o de aumento de p\u00fablico no carnaval de rua da capital, outro ind\u00edcio de que a folia em BH surpreendeu s\u00e3o os pacotes turisticos voltados para a festa momesca. De acordo com a diretora de Promo\u00e7\u00e3o Tur\u00edstica da Belotur, Stella Kleinrath, o carnaval de Belo Horizonte cresceu e ganhou propor\u00e7\u00e3o de um evento tur\u00edstico. \u201cAl\u00e9m de ser uma oportunidade de entretenimento para o belo-horizontino, a festa est\u00e1 atraindo turistas do interior e de outros estados do pa\u00eds, movimentando o com\u00e9rcio, a hotelaria, ag\u00eancias receptivas, bares e restaurantes da cidade\u201d, afirmou, por meio de nota.<\/p>\n<p>Enquanto cidades com carnaval forte adotam medidas para atrair p\u00fablico, outros munic\u00edpios decidiram n\u00e3o investir na folia este ano. Santos Dumont, por exemplo, vai conter gastos. \u201cO cancelamento ocorreu por necessidade de conten\u00e7\u00e3o de gastos, j\u00e1 que o Fundo de Participa\u00e7\u00e3o dos Munic\u00edpios tem chegado com atraso e com valor menor\u201d, disse a secret\u00e1ria de Meio Ambiente, Turismo, Esporte e Lazer, Cl\u00e1udia Rocha. Segundo ela, a ordem \u00e9 poupar para garantir investimentos em \u00e1reas como sa\u00fade, educa\u00e7\u00e3o e infraestrutura. A economia aos cofres p\u00fablicos do munic\u00edpio ser\u00e1 de aproximadamente R$ 1 milh\u00e3o.<\/p>\n<p><strong><em>(Estado de Minas)<\/em><\/strong><\/p>\n","protected":false},"excerpt":{"rendered":"<p>Munic\u00edpios como Diamantina e Sabar\u00e1 avaliam que crescimento do carnaval na capital reduz p\u00fablico em outras cidades. Falta de recursos tamb\u00e9m \u00e9 problema no interior: pelo menos quatro prefeituras j\u00e1 cancelaram festa. O carnaval em Minas mudou de rota. Com o crescimento da festa em Belo Horizonte no ano passado e diante da expectativa da [&hellip;]<\/p>\n","protected":false},"author":1,"featured_media":50452,"comment_status":"open","ping_status":"closed","sticky":false,"template":"","format":"standard","meta":{"amp_status":"","footnotes":""},"categories":[123],"tags":[194,30530,30519,30520,30516,3026,30521,30522,30523,3651,30528,30524,30525,30517,30518,30527,30533,198,30526,1513,30531,12296,211,1779,1738,1530,30529,30532,28801],"class_list":["post-50451","post","type-post","status-publish","format-standard","has-post-thumbnail","hentry","category-gerais","tag-belo-horizonte","tag-carlos-roberto-pedro","tag-carnaval-de-belo-horizonte","tag-carnaval-de-belo-horizonte-2015","tag-carnaval-de-belo-horizonte-cresce-e-atrai-folioes-de-cidades-do-interior-com-tradicao-carnavalesca","tag-carnaval-de-diamantina","tag-carnaval-de-formiga","tag-carnaval-de-formiga-cancelado","tag-carnaval-de-mateus-leme","tag-carnaval-de-ouro-preto","tag-carnaval-de-sabara","tag-carnaval-de-santa-maria-de-itabira","tag-carnaval-de-santos-dumont","tag-carnaval-em-minas","tag-carnaval-em-minas-gerais","tag-carnaval-em-sabara","tag-claudia-rocha","tag-diamantina","tag-folia-em-diamantina","tag-formiga","tag-joaquim-campos-rei","tag-mateus-leme","tag-ouro-preto","tag-sabara","tag-santa-maria-de-itabira","tag-santos-dumont","tag-saulo-laranjeira","tag-stella-kleinrath","tag-walter-cardoso-franca-junior"],"_links":{"self":[{"href":"https:\/\/aconteceunovale.com.br\/portal\/index.php?rest_route=\/wp\/v2\/posts\/50451","targetHints":{"allow":["GET"]}}],"collection":[{"href":"https:\/\/aconteceunovale.com.br\/portal\/index.php?rest_route=\/wp\/v2\/posts"}],"about":[{"href":"https:\/\/aconteceunovale.com.br\/portal\/index.php?rest_route=\/wp\/v2\/types\/post"}],"author":[{"embeddable":true,"href":"https:\/\/aconteceunovale.com.br\/portal\/index.php?rest_route=\/wp\/v2\/users\/1"}],"replies":[{"embeddable":true,"href":"https:\/\/aconteceunovale.com.br\/portal\/index.php?rest_route=%2Fwp%2Fv2%2Fcomments&post=50451"}],"version-history":[{"count":0,"href":"https:\/\/aconteceunovale.com.br\/portal\/index.php?rest_route=\/wp\/v2\/posts\/50451\/revisions"}],"wp:featuredmedia":[{"embeddable":true,"href":"https:\/\/aconteceunovale.com.br\/portal\/index.php?rest_route=\/wp\/v2\/media\/50452"}],"wp:attachment":[{"href":"https:\/\/aconteceunovale.com.br\/portal\/index.php?rest_route=%2Fwp%2Fv2%2Fmedia&parent=50451"}],"wp:term":[{"taxonomy":"category","embeddable":true,"href":"https:\/\/aconteceunovale.com.br\/portal\/index.php?rest_route=%2Fwp%2Fv2%2Fcategories&post=50451"},{"taxonomy":"post_tag","embeddable":true,"href":"https:\/\/aconteceunovale.com.br\/portal\/index.php?rest_route=%2Fwp%2Fv2%2Ftags&post=50451"}],"curies":[{"name":"wp","href":"https:\/\/api.w.org\/{rel}","templated":true}]}}