{"id":50447,"date":"2015-01-19T10:32:04","date_gmt":"2015-01-19T13:32:04","guid":{"rendered":"http:\/\/aconteceunovale.com.br\/portal\/?p=50447"},"modified":"2015-01-19T10:32:04","modified_gmt":"2015-01-19T13:32:04","slug":"mototaxistas-clandestinos-fazem-apelo-por-legalizacao-em-teofilo-otoni","status":"publish","type":"post","link":"https:\/\/aconteceunovale.com.br\/portal\/?p=50447","title":{"rendered":"Mototaxistas clandestinos fazem apelo por legaliza\u00e7\u00e3o em Te\u00f3filo Otoni"},"content":{"rendered":"<p>Cerca de 50 motociclistas sa\u00edram \u00e0s ruas de Te\u00f3filo Otoni pedindo interven\u00e7\u00e3o da Prefeitura na legaliza\u00e7\u00e3o do trabalho de mototaxista exercida por eles de maneira clandestina. O protesto foi acompanhado pela Pol\u00edcia Rodovi\u00e1ria Militar.<\/p>\n<p>Os motociclistas pediam a legaliza\u00e7\u00e3o e o fim do que eles v\u00eam chamando de persegui\u00e7\u00e3o dos \u00f3rg\u00e3os de fiscaliza\u00e7\u00e3o em rela\u00e7\u00e3o \u00e0 pr\u00e1tica de transporte de passageiros feita clandestinamente pelos mesmos. Segundo eles, h\u00e1 excesso nas multas e paradas em blitz.<\/p>\n<p><img decoding=\"async\" src=\"http:\/\/aconteceunovale.com.br\/portal\/wp-content\/uploads\/2015\/01\/protesto_motos_teo_1.jpg\" alt=\"\" \/><em>\u00c0 frente do protesto os motociclistas levavam uma faixa de apelo ao prefeito da cidade de Te\u00f3filo Otoni, Get\u00falio Neiva (PMDB) \u2013 Foto: Di\u00e1rio de Te\u00f3filo Otoni \/ Divulga\u00e7\u00e3o<\/em><br \/>\n<\/br><\/p>\n<h4>Situa\u00e7\u00e3o<\/h4>\n<p>Te\u00f3filo Otoni iniciou, na \u00e9poca da Teotrans, o processo de legaliza\u00e7\u00e3o dos mototaxistas que atuam na cidade. Centenas deles foram legalizados e para o exerc\u00edcio da profiss\u00e3o passaram a pagar impostos, utilizar vestimenta adequada (incluindo pintar a moto na cor amarela) e frequentar cursos de capacita\u00e7\u00e3o.<\/p>\n<p>A Prefeitura liberou, em etapas, as credenciais para novos mototaxistas, por\u00e9m os pedidos por mais habilita\u00e7\u00f5es nunca pararam. Assim surgiram os clandestinos, que s\u00e3o criticados, inclusive, dentro do pr\u00f3prio sindicato da categoria. Este alega que os ilegais n\u00e3o pagam impostos e muitas vezes exercem a fun\u00e7\u00e3o como segundo trabalho, geralmente \u00e0 noite, em feriados ou nos fins de semana.<\/p>\n<p>A Pol\u00edcia Militar e a Divis\u00e3o de Tr\u00e2nsito da Prefeitura tem mantido forte fiscaliza\u00e7\u00e3o sobre os clandestinos. Os dois \u00f3rg\u00e3os informam que n\u00e3o h\u00e1 excessos nas fiscaliza\u00e7\u00f5es, e sim o cumprimento da lei.<\/p>\n<p>O protesto foi direcionado ao prefeito Get\u00falio Neiva (PMDB), para que o mesmo intervenha na libera\u00e7\u00e3o de novas credenciais para os clandestinos.<\/p>\n<p><img decoding=\"async\" src=\"http:\/\/aconteceunovale.com.br\/portal\/wp-content\/uploads\/2015\/01\/protesto_motos_teo_2.jpg\" alt=\"\" \/><em>Cerca de 50 mototaxistas participaram do protesto pelas principais ruas do Centro Comercial de Te\u00f3filo Otoni \u2013 Foto: Di\u00e1rio de Te\u00f3filo Otoni \/ Divulga\u00e7\u00e3o<\/em><br \/>\n<\/br><\/p>\n<p><strong><em>(Di\u00e1rio de Te\u00f3filo Otoni)<\/em><\/strong><\/p>\n","protected":false},"excerpt":{"rendered":"<p>Cerca de 50 motociclistas sa\u00edram \u00e0s ruas de Te\u00f3filo Otoni pedindo interven\u00e7\u00e3o da Prefeitura na legaliza\u00e7\u00e3o do trabalho de mototaxista exercida por eles de maneira clandestina. O protesto foi acompanhado pela Pol\u00edcia Rodovi\u00e1ria Militar. Os motociclistas pediam a legaliza\u00e7\u00e3o e o fim do que eles v\u00eam chamando de persegui\u00e7\u00e3o dos \u00f3rg\u00e3os de fiscaliza\u00e7\u00e3o em rela\u00e7\u00e3o [&hellip;]<\/p>\n","protected":false},"author":1,"featured_media":50448,"comment_status":"open","ping_status":"closed","sticky":false,"template":"","format":"standard","meta":{"amp_status":"","footnotes":""},"categories":[122],"tags":[30515,30514,30513,164],"class_list":["post-50447","post","type-post","status-publish","format-standard","has-post-thumbnail","hentry","category-mucuri","tag-legalizacao-de-mototaxistas-clandestinos-em-teofilo-otoni","tag-mototaxistas-clandestinos-em-teofilo-otoni","tag-mototaxistas-clandestinos-fazem-apelo-por-legalizacao-em-teofilo-otoni","tag-teofilo-otoni"],"_links":{"self":[{"href":"https:\/\/aconteceunovale.com.br\/portal\/index.php?rest_route=\/wp\/v2\/posts\/50447","targetHints":{"allow":["GET"]}}],"collection":[{"href":"https:\/\/aconteceunovale.com.br\/portal\/index.php?rest_route=\/wp\/v2\/posts"}],"about":[{"href":"https:\/\/aconteceunovale.com.br\/portal\/index.php?rest_route=\/wp\/v2\/types\/post"}],"author":[{"embeddable":true,"href":"https:\/\/aconteceunovale.com.br\/portal\/index.php?rest_route=\/wp\/v2\/users\/1"}],"replies":[{"embeddable":true,"href":"https:\/\/aconteceunovale.com.br\/portal\/index.php?rest_route=%2Fwp%2Fv2%2Fcomments&post=50447"}],"version-history":[{"count":0,"href":"https:\/\/aconteceunovale.com.br\/portal\/index.php?rest_route=\/wp\/v2\/posts\/50447\/revisions"}],"wp:featuredmedia":[{"embeddable":true,"href":"https:\/\/aconteceunovale.com.br\/portal\/index.php?rest_route=\/wp\/v2\/media\/50448"}],"wp:attachment":[{"href":"https:\/\/aconteceunovale.com.br\/portal\/index.php?rest_route=%2Fwp%2Fv2%2Fmedia&parent=50447"}],"wp:term":[{"taxonomy":"category","embeddable":true,"href":"https:\/\/aconteceunovale.com.br\/portal\/index.php?rest_route=%2Fwp%2Fv2%2Fcategories&post=50447"},{"taxonomy":"post_tag","embeddable":true,"href":"https:\/\/aconteceunovale.com.br\/portal\/index.php?rest_route=%2Fwp%2Fv2%2Ftags&post=50447"}],"curies":[{"name":"wp","href":"https:\/\/api.w.org\/{rel}","templated":true}]}}