{"id":50433,"date":"2015-01-19T09:55:00","date_gmt":"2015-01-19T12:55:00","guid":{"rendered":"http:\/\/aconteceunovale.com.br\/portal\/?p=50433"},"modified":"2015-01-19T09:56:06","modified_gmt":"2015-01-19T12:56:06","slug":"idoso-e-encontrado-morto-no-rio-doce-em-governador-valadares","status":"publish","type":"post","link":"https:\/\/aconteceunovale.com.br\/portal\/?p=50433","title":{"rendered":"Idoso \u00e9 encontrado morto no Rio Doce em Governador Valadares"},"content":{"rendered":"<h4><strong><em>Moradores retiraram o corpo, que estava preso nas pedras do rio. V\u00edtima estava nadando, quando desapareceu.<\/em><\/strong><\/h4>\n<p>O corpo de um homem foi encontrado neste domingo, 18 de janeiro, nas margens do Rio Doce, no Bairro S\u00e3o Tarc\u00edsio, em Governador Valadares, no Leste de Minas Gerais.<\/p>\n<p>Uma equipe do Corpo de Bombeiros compareceu ao local, mas os moradores j\u00e1 haviam retirado o corpo, que estava preso nas pedras do rio. De acordo com os moradores, Elias Vieira, de 62 anos, era morador do Bairro S\u00e3o Crist\u00f3v\u00e3o e estava nadando nas \u00e1guas do rio, no s\u00e1bado (17), quando desapareceu.<\/p>\n<p>A Per\u00edcia T\u00e9cnica da Pol\u00edcia Civil foi acionada e ap\u00f3s os trabalhos de praxe, o corpo foi liberado e encaminhado para o Instituto M\u00e9dico Legal de Governador Valadares.<\/p>\n<p><img decoding=\"async\" src=\"http:\/\/aconteceunovale.com.br\/portal\/wp-content\/uploads\/2015\/01\/idoso_morto_gv.jpg\" alt=\"\" \/><em>Corpo foi encontrado no bairro S\u00e3o Tarc\u00edsio &#8211; Foto: Roberto Higino \/ Programa Caso de Pol\u00edcia<\/em><br \/>\n<\/br><\/p>\n<p><strong><em>(Inter TV dos Vales)<\/em><\/strong><\/p>\n","protected":false},"excerpt":{"rendered":"<p>Moradores retiraram o corpo, que estava preso nas pedras do rio. V\u00edtima estava nadando, quando desapareceu. O corpo de um homem foi encontrado neste domingo, 18 de janeiro, nas margens do Rio Doce, no Bairro S\u00e3o Tarc\u00edsio, em Governador Valadares, no Leste de Minas Gerais. Uma equipe do Corpo de Bombeiros compareceu ao local, mas [&hellip;]<\/p>\n","protected":false},"author":1,"featured_media":50434,"comment_status":"open","ping_status":"closed","sticky":false,"template":"","format":"standard","meta":{"amp_status":"","footnotes":""},"categories":[121],"tags":[30500,30502,247,30501,30503],"class_list":["post-50433","post","type-post","status-publish","format-standard","has-post-thumbnail","hentry","category-leste","tag-corpo-encontrado-no-rio-doce-em-governador-valadares","tag-elias-vieira","tag-governador-valadares","tag-homem-e-encontrado-morto-no-rio-doce-em-governador-valadares","tag-idoso-e-encontrado-morto-no-rio-doce-em-governador-valadares"],"_links":{"self":[{"href":"https:\/\/aconteceunovale.com.br\/portal\/index.php?rest_route=\/wp\/v2\/posts\/50433","targetHints":{"allow":["GET"]}}],"collection":[{"href":"https:\/\/aconteceunovale.com.br\/portal\/index.php?rest_route=\/wp\/v2\/posts"}],"about":[{"href":"https:\/\/aconteceunovale.com.br\/portal\/index.php?rest_route=\/wp\/v2\/types\/post"}],"author":[{"embeddable":true,"href":"https:\/\/aconteceunovale.com.br\/portal\/index.php?rest_route=\/wp\/v2\/users\/1"}],"replies":[{"embeddable":true,"href":"https:\/\/aconteceunovale.com.br\/portal\/index.php?rest_route=%2Fwp%2Fv2%2Fcomments&post=50433"}],"version-history":[{"count":0,"href":"https:\/\/aconteceunovale.com.br\/portal\/index.php?rest_route=\/wp\/v2\/posts\/50433\/revisions"}],"wp:featuredmedia":[{"embeddable":true,"href":"https:\/\/aconteceunovale.com.br\/portal\/index.php?rest_route=\/wp\/v2\/media\/50434"}],"wp:attachment":[{"href":"https:\/\/aconteceunovale.com.br\/portal\/index.php?rest_route=%2Fwp%2Fv2%2Fmedia&parent=50433"}],"wp:term":[{"taxonomy":"category","embeddable":true,"href":"https:\/\/aconteceunovale.com.br\/portal\/index.php?rest_route=%2Fwp%2Fv2%2Fcategories&post=50433"},{"taxonomy":"post_tag","embeddable":true,"href":"https:\/\/aconteceunovale.com.br\/portal\/index.php?rest_route=%2Fwp%2Fv2%2Ftags&post=50433"}],"curies":[{"name":"wp","href":"https:\/\/api.w.org\/{rel}","templated":true}]}}