{"id":50431,"date":"2015-01-19T09:36:25","date_gmt":"2015-01-19T12:36:25","guid":{"rendered":"http:\/\/aconteceunovale.com.br\/portal\/?p=50431"},"modified":"2015-01-19T09:36:25","modified_gmt":"2015-01-19T12:36:25","slug":"ifnmg-campus-almenara-comunica-suspensao-parcial-das-atividades","status":"publish","type":"post","link":"https:\/\/aconteceunovale.com.br\/portal\/?p=50431","title":{"rendered":"IFNMG c\u00e2mpus Almenara comunica suspens\u00e3o parcial das atividades"},"content":{"rendered":"<p>O Instituto Federal do Norte de Minas Gerais (IFNMG), C\u00e2mpus Almenara, comunica que em virtude da interdi\u00e7\u00e3o total da ponte sobre o rio Jequitinhonha, \u00fanico meio de acesso \u00e0 cidade, ocorrida no dia 13 de janeiro de 2015, as atividades do ensino foram suspensas parcialmente.<\/p>\n<p>As recupera\u00e7\u00f5es bimestrais e finais dos cursos integrados seguir\u00e3o o cronograma e est\u00e3o sendo realizadas no Campus, para os alunos que residem no bairro Cidade Nova e cidades vizinhas e na Escola Estadual Conde Afonso Celso, para os alunos que residem em Almenara.<\/p>\n<p>As aulas para as turmas dos cursos TADS, Administra\u00e7\u00e3o, Enfermagem e Agropecu\u00e1ria Subsequente, est\u00e3o suspensas neste per\u00edodo, com retorno previsto para 19 de fevereiro de 2015.<\/p>\n<p>O calend\u00e1rio do processo seletivo de 2015, Editais 255, 256 e 257, referentes a entrada de alunos dos cursos integrados, subsequentes e superiores passar\u00e1 a vigorar da seguinte forma:<\/p>\n<p>&#8211; 26\/01\/2015: Resultado da an\u00e1lise da documenta\u00e7\u00e3o comprobat\u00f3ria.<br \/>\n&#8211; 27\/01\/2015: Prazo para recurso contra o resultado de an\u00e1lise.<br \/>\n&#8211; 29\/01\/2015: Resultado ap\u00f3s analise de interposi\u00e7\u00e3o de recursos contra analise de documenta\u00e7\u00e3o comprobat\u00f3ria.<br \/>\n&#8211; 30\/01\/2015: Realiza\u00e7\u00e3o da 2\u00aa chamada<\/p>\n<p>O INFMG informa ainda que os candidatos n\u00e3o ficar\u00e3o prejudicados com tais altera\u00e7\u00f5es. \u201cLamentamos os transtornos, a atual situa\u00e7\u00e3o \u00e9 alheia \u00e0 vontade da Institui\u00e7\u00e3o. Assim que houver possibilidade de retomada das atividades, informaremos prontamente.\u201d, diz a nota.<\/p>\n<p>D\u00favidas em rela\u00e7\u00e3o ao funcionamento poder\u00e3o ser direcionadas ao telefone (38) 8409-6547.<\/p>\n<p><img decoding=\"async\" src=\"http:\/\/aconteceunovale.com.br\/portal\/wp-content\/uploads\/2014\/10\/campus_almenara.jpg\" alt=\"\" \/><em>C\u00e2mpus Almenara do Instituto Federal do Norte de Minas Gerais &#8211; Foto: Divulga\u00e7\u00e3o<\/em><\/p>\n","protected":false},"excerpt":{"rendered":"<p>O Instituto Federal do Norte de Minas Gerais (IFNMG), C\u00e2mpus Almenara, comunica que em virtude da interdi\u00e7\u00e3o total da ponte sobre o rio Jequitinhonha, \u00fanico meio de acesso \u00e0 cidade, ocorrida no dia 13 de janeiro de 2015, as atividades do ensino foram suspensas parcialmente. As recupera\u00e7\u00f5es bimestrais e finais dos cursos integrados seguir\u00e3o o [&hellip;]<\/p>\n","protected":false},"author":1,"featured_media":42018,"comment_status":"open","ping_status":"closed","sticky":false,"template":"","format":"standard","meta":{"amp_status":"","footnotes":""},"categories":[120],"tags":[142,30498,255,30497,30496,30499],"class_list":["post-50431","post","type-post","status-publish","format-standard","has-post-thumbnail","hentry","category-jequi","tag-almenara","tag-campus-almenara","tag-ifnmg","tag-ifnmg-campus-almenara","tag-ifnmg-campus-almenara-comunica-suspensao-parcial-das-atividades","tag-suspensao-das-atividades-do-ifnmg-campus-almenara"],"_links":{"self":[{"href":"https:\/\/aconteceunovale.com.br\/portal\/index.php?rest_route=\/wp\/v2\/posts\/50431","targetHints":{"allow":["GET"]}}],"collection":[{"href":"https:\/\/aconteceunovale.com.br\/portal\/index.php?rest_route=\/wp\/v2\/posts"}],"about":[{"href":"https:\/\/aconteceunovale.com.br\/portal\/index.php?rest_route=\/wp\/v2\/types\/post"}],"author":[{"embeddable":true,"href":"https:\/\/aconteceunovale.com.br\/portal\/index.php?rest_route=\/wp\/v2\/users\/1"}],"replies":[{"embeddable":true,"href":"https:\/\/aconteceunovale.com.br\/portal\/index.php?rest_route=%2Fwp%2Fv2%2Fcomments&post=50431"}],"version-history":[{"count":0,"href":"https:\/\/aconteceunovale.com.br\/portal\/index.php?rest_route=\/wp\/v2\/posts\/50431\/revisions"}],"wp:featuredmedia":[{"embeddable":true,"href":"https:\/\/aconteceunovale.com.br\/portal\/index.php?rest_route=\/wp\/v2\/media\/42018"}],"wp:attachment":[{"href":"https:\/\/aconteceunovale.com.br\/portal\/index.php?rest_route=%2Fwp%2Fv2%2Fmedia&parent=50431"}],"wp:term":[{"taxonomy":"category","embeddable":true,"href":"https:\/\/aconteceunovale.com.br\/portal\/index.php?rest_route=%2Fwp%2Fv2%2Fcategories&post=50431"},{"taxonomy":"post_tag","embeddable":true,"href":"https:\/\/aconteceunovale.com.br\/portal\/index.php?rest_route=%2Fwp%2Fv2%2Ftags&post=50431"}],"curies":[{"name":"wp","href":"https:\/\/api.w.org\/{rel}","templated":true}]}}