{"id":50429,"date":"2015-01-19T09:11:36","date_gmt":"2015-01-19T12:11:36","guid":{"rendered":"http:\/\/aconteceunovale.com.br\/portal\/?p=50429"},"modified":"2015-01-19T09:11:36","modified_gmt":"2015-01-19T12:11:36","slug":"previsao-do-tempo-para-minas-gerais-nesta-segunda-feira-19-de-janeiro","status":"publish","type":"post","link":"https:\/\/aconteceunovale.com.br\/portal\/?p=50429","title":{"rendered":"Previs\u00e3o do tempo para Minas Gerais nesta segunda-feira, 19 de janeiro"},"content":{"rendered":"<h4><strong><em>No in\u00edcio desta semana, o tempo continuar\u00e1 est\u00e1vel em Minas Gerais, devido \u00e0 presen\u00e7a de uma massa de ar seco e quente<\/em><\/strong><\/h4>\n<p>Nesta segunda-feira, o tempo permanece est\u00e1vel em boa parte de Minas Gerais devido \u00e0 presen\u00e7a de uma massa de ar seco e quente. Possibilidade de chuvas isoladas t\u00edpicas de ver\u00e3o nas mesorregi\u00f5es Tri\u00e2ngulo e Sul. As temperaturas permanecem elevadas e a m\u00e1xima pode atingir os 36\u00b0C no Tri\u00e2ngulo, Norte e \u00e1reas do setor leste mineiro. A umidade fica em torno de 30% \u00e0 tarde na maior parte do Estado. Em Belo Horizonte, o dia ser\u00e1 de c\u00e9u claro com temperaturas oscilando entre 20 e 33\u00b0C.<\/p>\n<p>No in\u00edcio desta semana, o tempo continuar\u00e1 est\u00e1vel em Minas Gerais, devido \u00e0 presen\u00e7a de uma massa de ar seco e quente. A partir de quarta-feira (21\/01), a nebulosidade aumentar\u00e1 em boa parte das por\u00e7\u00f5es Oeste, Sudoeste, Centro, Sul e Sudeste, e h\u00e1 possibilidade de pancadas de chuva isoladas, sobretudo, no per\u00edodo da tarde. Em Belo Horizonte, o c\u00e9u continuar\u00e1 claro com temperaturas diurnas elevadas, por\u00e9m, h\u00e1 possibilidade de chuva isolada a partir de quarta e a temperatura m\u00e1xima ter\u00e1 um ligeiro decl\u00ednio.<\/p>\n","protected":false},"excerpt":{"rendered":"<p>No in\u00edcio desta semana, o tempo continuar\u00e1 est\u00e1vel em Minas Gerais, devido \u00e0 presen\u00e7a de uma massa de ar seco e quente Nesta segunda-feira, o tempo permanece est\u00e1vel em boa parte de Minas Gerais devido \u00e0 presen\u00e7a de uma massa de ar seco e quente. Possibilidade de chuvas isoladas t\u00edpicas de ver\u00e3o nas mesorregi\u00f5es Tri\u00e2ngulo [&hellip;]<\/p>\n","protected":false},"author":1,"featured_media":15765,"comment_status":"open","ping_status":"closed","sticky":false,"template":"","format":"standard","meta":{"amp_status":"","footnotes":""},"categories":[123],"tags":[30495,30492,1839,28170,30491,30494,30493],"class_list":["post-50429","post","type-post","status-publish","format-standard","has-post-thumbnail","hentry","category-gerais","tag-clima-em-minas-gerais-segunda-feira-17-de-janeiro-de-2015","tag-previsao-do-tempo-para-esta-segunda-feira-19-de-janeiro-em-minas-gerais","tag-previsao-do-tempo-para-minas-gerais","tag-previsao-do-tempo-para-minas-gerais-nesta-segunda-feira","tag-previsao-do-tempo-para-minas-gerais-nesta-segunda-feira-19-de-janeiro","tag-temperatura-em-minas-gerais-segunda-feira-17-de-janeiro-de-2015","tag-tempo-em-minas-gerias-18-de-janeiro-de-2015"],"_links":{"self":[{"href":"https:\/\/aconteceunovale.com.br\/portal\/index.php?rest_route=\/wp\/v2\/posts\/50429","targetHints":{"allow":["GET"]}}],"collection":[{"href":"https:\/\/aconteceunovale.com.br\/portal\/index.php?rest_route=\/wp\/v2\/posts"}],"about":[{"href":"https:\/\/aconteceunovale.com.br\/portal\/index.php?rest_route=\/wp\/v2\/types\/post"}],"author":[{"embeddable":true,"href":"https:\/\/aconteceunovale.com.br\/portal\/index.php?rest_route=\/wp\/v2\/users\/1"}],"replies":[{"embeddable":true,"href":"https:\/\/aconteceunovale.com.br\/portal\/index.php?rest_route=%2Fwp%2Fv2%2Fcomments&post=50429"}],"version-history":[{"count":0,"href":"https:\/\/aconteceunovale.com.br\/portal\/index.php?rest_route=\/wp\/v2\/posts\/50429\/revisions"}],"wp:featuredmedia":[{"embeddable":true,"href":"https:\/\/aconteceunovale.com.br\/portal\/index.php?rest_route=\/wp\/v2\/media\/15765"}],"wp:attachment":[{"href":"https:\/\/aconteceunovale.com.br\/portal\/index.php?rest_route=%2Fwp%2Fv2%2Fmedia&parent=50429"}],"wp:term":[{"taxonomy":"category","embeddable":true,"href":"https:\/\/aconteceunovale.com.br\/portal\/index.php?rest_route=%2Fwp%2Fv2%2Fcategories&post=50429"},{"taxonomy":"post_tag","embeddable":true,"href":"https:\/\/aconteceunovale.com.br\/portal\/index.php?rest_route=%2Fwp%2Fv2%2Ftags&post=50429"}],"curies":[{"name":"wp","href":"https:\/\/api.w.org\/{rel}","templated":true}]}}