{"id":50413,"date":"2015-01-18T15:47:14","date_gmt":"2015-01-18T18:47:14","guid":{"rendered":"http:\/\/aconteceunovale.com.br\/portal\/?p=50413"},"modified":"2015-01-18T15:47:14","modified_gmt":"2015-01-18T18:47:14","slug":"bombeiros-resgatam-corpo-de-mulher-que-se-afogou-no-rio-mucuri-em-carlos-chagas","status":"publish","type":"post","link":"https:\/\/aconteceunovale.com.br\/portal\/?p=50413","title":{"rendered":"Bombeiros resgatam corpo de mulher que se afogou no Rio Mucuri em Carlos Chagas"},"content":{"rendered":"<h4><strong><em>V\u00edtima tentou atravessar o rio e foi arrastada pela correnteza. Conforme balan\u00e7o do Corpo de Bombeiros divulgado neste domingo, 14 pessoas morreram no per\u00edodo de 10 a 18 de janeiro em rios de Minas Gerais.<\/em><\/strong><\/h4>\n<p>Mergulhadores do Corpo de Bombeiros resgataram na manh\u00e3 deste domingo, 18 de janeiro, o corpo de uma mulher que se afogou ao tentar atravessar o Rio Mucuri na tarde de ontem, s\u00e1bado, em Carlos Chagas, no Vale do Mucuri.<\/p>\n<p>De acordo com o registro de ocorr\u00eancias do Corpo de Bombeiros, o corpo de Maria Rocha Brand\u00e3o, de 34 anos, foi localizado por volta das 11 horas da manh\u00e3 a cerca de 300 metros do local do afogamento.<\/p>\n<p><img decoding=\"async\" src=\"http:\/\/aconteceunovale.com.br\/portal\/wp-content\/uploads\/2015\/01\/carlos_chagas_mg.jpg\" alt=\"\" \/><em>Mulher se afogou no Rio Mucuri, em Carlos Chagas &#8211; Foto: Ganzilo Tomich \/ Reprodu\u00e7\u00e3o Panoramio<\/em><br \/>\n<\/br><\/p>\n<h4>14 mortes em 8 dias<\/h4>\n<p>Conforme balan\u00e7o divulgado pelo Corpo de Bombeiros neste domingo, al\u00e9m da v\u00edtima de Carlos Chagas, outras 13 pessoas morreram afogadas em Minas Gerais no per\u00edodo de 10 a 18 de janeiro. Veja a rela\u00e7\u00e3o de v\u00edtimas abaixo:<\/p>\n<p>&#8211; Maria Rocha Brand\u00e3o, de 34 anos &#8211; Rio Mucuri em Carlos Chagas<br \/>\n&#8211; Alan Chaves Meira, de 16 anos &#8211; Rio Jequitinhonha em Almenara<br \/>\n&#8211; Jurandir de Oliveira Jr, de 20 anos &#8211; Rio Grande em Planura<br \/>\n&#8211; Dhemerson Quiell da Cruz, de 32 anos &#8211; Lagoa Santa Cruz em Betim<br \/>\n&#8211; William Ferreira dos Santos, de 36 anos \u2013 Lagoa Campo Azul em Bras\u00edlia de Minas<br \/>\n&#8211; Fab\u00edola da Silva Vital Resende, de 15 anos \u2013 Ituiutaba<br \/>\n&#8211; Marco Ant\u00f4nio Gon\u00e7alves Filgueira, de 14 anos \u2013 Rio Doce em Governador Valadares<br \/>\n&#8211; Jos\u00e9 Em\u00edlio Leite, de 35 anos \u2013 Rio Pandeiros em Janu\u00e1ria<br \/>\n&#8211; Luiz Carlos Leite, de 34 anos \u2013 Rio Pandeiros em Janu\u00e1ria<br \/>\n&#8211; Roberto Barbosa de Souza, de 48 anos &#8211; C\u00f3rrego dos Campinhos em Ubaporanga<br \/>\n&#8211; Fabr\u00edcio de Souza, de 36 anos &#8211; Lagoa do bairro Cidade Nova em Governador Valadares<br \/>\n&#8211; Moacir Gaudino Augelino, de 61 anos &#8211; Cachoeira de Maca\u00fabas em Bonfim<br \/>\n&#8211; Igor Douglas Santos Alves, de 19 anos &#8211; Rio S\u00e3o Francisco em Moema<br \/>\n&#8211; Gledson de Paula Nogueira, de 15 anos &#8211; Lago do parque Dondinho em Varginha<\/p>\n","protected":false},"excerpt":{"rendered":"<p>V\u00edtima tentou atravessar o rio e foi arrastada pela correnteza. Conforme balan\u00e7o do Corpo de Bombeiros divulgado neste domingo, 14 pessoas morreram no per\u00edodo de 10 a 18 de janeiro em rios de Minas Gerais. Mergulhadores do Corpo de Bombeiros resgataram na manh\u00e3 deste domingo, 18 de janeiro, o corpo de uma mulher que se [&hellip;]<\/p>\n","protected":false},"author":1,"featured_media":50381,"comment_status":"open","ping_status":"closed","sticky":false,"template":"","format":"standard","meta":{"amp_status":"","footnotes":""},"categories":[122],"tags":[30419,30479,30067,142,1495,30477,12259,30484,1175,30482,29536,30489,247,30488,203,205,29555,30480,29556,30485,30478,30487,1665,30418,30481,30486,331,223,30483],"class_list":["post-50413","post","type-post","status-publish","format-standard","has-post-thumbnail","hentry","category-mucuri","tag-afogamento-em-carlos-chagas","tag-afogamento-no-rio-mucuri","tag-alan-chaves-meira","tag-almenara","tag-betim","tag-bombeiros-resgatam-corpo-de-mulher-que-se-afogou-no-rio-mucuri-em-carlos-chagas","tag-bonfim","tag-brasilia-de-minas-fabiola-da-silva-vital-resende","tag-carlos-chagas","tag-dhemerson-quiell-da-cruz","tag-fabricio-de-souza","tag-gledson-de-paula-nogueira","tag-governador-valadares","tag-igor-douglas-santos-alves","tag-ituiutaba","tag-januaria","tag-jose-emilio-leite","tag-jurandir-de-oliveira-jr","tag-luiz-carlos-leite","tag-marco-antonio-goncalves-filgueira","tag-maria-rocha-brandao","tag-moacir-gaudino-augelino","tag-moema","tag-mulher-se-afoga-no-rio-mucuri-em-carlos-chagas","tag-planura","tag-roberto-barbosa-de-souza","tag-ubaporanga","tag-varginha","tag-william-ferreira-dos-santos"],"_links":{"self":[{"href":"https:\/\/aconteceunovale.com.br\/portal\/index.php?rest_route=\/wp\/v2\/posts\/50413","targetHints":{"allow":["GET"]}}],"collection":[{"href":"https:\/\/aconteceunovale.com.br\/portal\/index.php?rest_route=\/wp\/v2\/posts"}],"about":[{"href":"https:\/\/aconteceunovale.com.br\/portal\/index.php?rest_route=\/wp\/v2\/types\/post"}],"author":[{"embeddable":true,"href":"https:\/\/aconteceunovale.com.br\/portal\/index.php?rest_route=\/wp\/v2\/users\/1"}],"replies":[{"embeddable":true,"href":"https:\/\/aconteceunovale.com.br\/portal\/index.php?rest_route=%2Fwp%2Fv2%2Fcomments&post=50413"}],"version-history":[{"count":0,"href":"https:\/\/aconteceunovale.com.br\/portal\/index.php?rest_route=\/wp\/v2\/posts\/50413\/revisions"}],"wp:featuredmedia":[{"embeddable":true,"href":"https:\/\/aconteceunovale.com.br\/portal\/index.php?rest_route=\/wp\/v2\/media\/50381"}],"wp:attachment":[{"href":"https:\/\/aconteceunovale.com.br\/portal\/index.php?rest_route=%2Fwp%2Fv2%2Fmedia&parent=50413"}],"wp:term":[{"taxonomy":"category","embeddable":true,"href":"https:\/\/aconteceunovale.com.br\/portal\/index.php?rest_route=%2Fwp%2Fv2%2Fcategories&post=50413"},{"taxonomy":"post_tag","embeddable":true,"href":"https:\/\/aconteceunovale.com.br\/portal\/index.php?rest_route=%2Fwp%2Fv2%2Ftags&post=50413"}],"curies":[{"name":"wp","href":"https:\/\/api.w.org\/{rel}","templated":true}]}}