{"id":50407,"date":"2015-01-18T14:39:39","date_gmt":"2015-01-18T17:39:39","guid":{"rendered":"http:\/\/aconteceunovale.com.br\/portal\/?p=50407"},"modified":"2015-01-18T14:39:39","modified_gmt":"2015-01-18T17:39:39","slug":"policia-apreende-drogas-armas-e-municao-em-pedra-azul","status":"publish","type":"post","link":"https:\/\/aconteceunovale.com.br\/portal\/?p=50407","title":{"rendered":"Pol\u00edcia apreende drogas, armas e muni\u00e7\u00e3o em Pedra Azul"},"content":{"rendered":"<h4><strong><em>Apreens\u00f5es foram feitas no s\u00e1bado em continuidade a opera\u00e7\u00e3o que come\u00e7ou na sexta. Sete pessoas foram presas, seis em flagrante e uma por mandado.<\/em><\/strong><\/h4>\n<p>As Pol\u00edcias Civil e Militar de Pedra Azul, no Vale do Jequitinhonha, apreenderam mais de dois quilos de drogas neste s\u00e1bado (17), nas proximidades do Bairro Inconfidentes. Sete pessoas foram presas, seis delas em flagrante, e seis mandados de busca e apreens\u00e3o foram cumpridos. A a\u00e7\u00e3o fez parte de uma <a href=\"http:\/\/aconteceunovale.com.br\/portal\/?p=50218\" target=\"_blank\">opera\u00e7\u00e3o de combate \u00e0 criminalidade, que come\u00e7ou a ser realizada na sexta (16) e resultou na pris\u00e3o de 12 pessoas<\/a>.<\/p>\n<p>Al\u00e9m da droga foram apreendidos R$ 3.600, duas armas, muni\u00e7\u00e3o, um p\u00e9 de maconha, tr\u00eas balan\u00e7as, quatro celulares e duas c\u00e2meras fotogr\u00e1ficas. Com a opera\u00e7\u00e3o, a pol\u00edcia afirma que quatro grupos criminosos foram desarticulados. Com isso, a expectativa \u00e9 a redu\u00e7\u00e3o de crimes contra o patrim\u00f4nio, como furtos e assaltos, e contra a vida, como homic\u00eddios e tentativas de homic\u00eddio.<\/p>\n<p><img decoding=\"async\" src=\"http:\/\/aconteceunovale.com.br\/portal\/wp-content\/uploads\/2015\/01\/apreensao_pedra_azul_18_1.jpg\" alt=\"\" \/><em>Material apreendido durante a opera\u00e7\u00e3o em Pedra Azul (Foto: Divulga\u00e7\u00e3o \/ Pol\u00edcia Civil)<\/em><br \/>\n<\/br><\/p>\n<p><strong><em>(Inter TV Grande Minas)<\/em><\/strong><\/p>\n","protected":false},"excerpt":{"rendered":"<p>Apreens\u00f5es foram feitas no s\u00e1bado em continuidade a opera\u00e7\u00e3o que come\u00e7ou na sexta. Sete pessoas foram presas, seis em flagrante e uma por mandado. As Pol\u00edcias Civil e Militar de Pedra Azul, no Vale do Jequitinhonha, apreenderam mais de dois quilos de drogas neste s\u00e1bado (17), nas proximidades do Bairro Inconfidentes. Sete pessoas foram presas, [&hellip;]<\/p>\n","protected":false},"author":1,"featured_media":50408,"comment_status":"open","ping_status":"closed","sticky":false,"template":"","format":"standard","meta":{"amp_status":"","footnotes":""},"categories":[120],"tags":[30470,30469,30472,455,30471,30468],"class_list":["post-50407","post","type-post","status-publish","format-standard","has-post-thumbnail","hentry","category-jequi","tag-apreensoes-em-pedra-azul","tag-combate-a-criminalidade-em-pedra-azul","tag-operacao-da-policia-civil-em-pedra-azul","tag-pedra-azul","tag-pessoas-presas-em-pedra-azul","tag-policia-apreende-drogas-armas-e-municao-em-pedra-azul"],"_links":{"self":[{"href":"https:\/\/aconteceunovale.com.br\/portal\/index.php?rest_route=\/wp\/v2\/posts\/50407","targetHints":{"allow":["GET"]}}],"collection":[{"href":"https:\/\/aconteceunovale.com.br\/portal\/index.php?rest_route=\/wp\/v2\/posts"}],"about":[{"href":"https:\/\/aconteceunovale.com.br\/portal\/index.php?rest_route=\/wp\/v2\/types\/post"}],"author":[{"embeddable":true,"href":"https:\/\/aconteceunovale.com.br\/portal\/index.php?rest_route=\/wp\/v2\/users\/1"}],"replies":[{"embeddable":true,"href":"https:\/\/aconteceunovale.com.br\/portal\/index.php?rest_route=%2Fwp%2Fv2%2Fcomments&post=50407"}],"version-history":[{"count":0,"href":"https:\/\/aconteceunovale.com.br\/portal\/index.php?rest_route=\/wp\/v2\/posts\/50407\/revisions"}],"wp:featuredmedia":[{"embeddable":true,"href":"https:\/\/aconteceunovale.com.br\/portal\/index.php?rest_route=\/wp\/v2\/media\/50408"}],"wp:attachment":[{"href":"https:\/\/aconteceunovale.com.br\/portal\/index.php?rest_route=%2Fwp%2Fv2%2Fmedia&parent=50407"}],"wp:term":[{"taxonomy":"category","embeddable":true,"href":"https:\/\/aconteceunovale.com.br\/portal\/index.php?rest_route=%2Fwp%2Fv2%2Fcategories&post=50407"},{"taxonomy":"post_tag","embeddable":true,"href":"https:\/\/aconteceunovale.com.br\/portal\/index.php?rest_route=%2Fwp%2Fv2%2Ftags&post=50407"}],"curies":[{"name":"wp","href":"https:\/\/api.w.org\/{rel}","templated":true}]}}