{"id":50404,"date":"2015-01-18T14:33:40","date_gmt":"2015-01-18T17:33:40","guid":{"rendered":"http:\/\/aconteceunovale.com.br\/portal\/?p=50404"},"modified":"2015-01-18T14:33:40","modified_gmt":"2015-01-18T17:33:40","slug":"dois-homens-sao-baleados-no-bairro-sao-judas-tadeu-em-montes-claros","status":"publish","type":"post","link":"https:\/\/aconteceunovale.com.br\/portal\/?p=50404","title":{"rendered":"Dois homens s\u00e3o baleados no bairro S\u00e3o Judas Tadeu em Montes Claros"},"content":{"rendered":"<h4><strong><em>Ocupante de um carro de passeio efetuou os disparos contra as v\u00edtimas. Crime aconteceu na Avenida Nossa Senhora de F\u00e1tima.<\/em><\/strong><\/h4>\n<p>Dois homens foram baleados em frente a uma loja de CDs e DVDs na tarde deste s\u00e1bado (17), na Avenida Nossa Senhora de F\u00e1tima, no Bairro S\u00e3o Judas Tadeu, em Montes Claros.<\/p>\n<p>De acordo com informa\u00e7\u00f5es da Pol\u00edcia Militar, as v\u00edtimas estavam em um lava jato quando um dos ocupantes de um carro de passeio, que passava na porta do estabelecimento, efetuou os disparos. Para tentar fugir dos tiros, eles procuraram abrigo dentro da loja. Um dos rapazes levou um tiro na regi\u00e3o tor\u00e1cica e o outro na perna esquerda.<\/p>\n<p>As v\u00edtimas foram socorridas pelo Servi\u00e7o de Atendimento M\u00f3vel de Urg\u00eancia (Samu) e levadas para a Santa Casa de Montes Claros e para o Hospital Universit\u00e1rio Clemente de Faria. Ainda conforme os militares, as v\u00edtimas estavam conscientes no momento do atendimento.<\/p>\n<p>A motiva\u00e7\u00e3o do crime \u00e9 investigada pela Pol\u00edcia. Rastreamentos foram iniciados com intuito de localizar e prender o autor, por\u00e9m sem \u00eaxito at\u00e9 a noite deste s\u00e1bado.<\/p>\n<p><img decoding=\"async\" src=\"http:\/\/aconteceunovale.com.br\/portal\/wp-content\/uploads\/2015\/01\/baleados_moc_18_1.jpg\" alt=\"\" \/><em>V\u00edtimas foram baleadas no bairro S\u00e3o Judas Tadeu, em Montes Claros (Foto: Alexandre Fonseca\/G1)<\/em><br \/>\n<\/br><\/p>\n<p><strong><em>(Inter TV Grande Minas)<\/em><\/strong><\/p>\n","protected":false},"excerpt":{"rendered":"<p>Ocupante de um carro de passeio efetuou os disparos contra as v\u00edtimas. Crime aconteceu na Avenida Nossa Senhora de F\u00e1tima. Dois homens foram baleados em frente a uma loja de CDs e DVDs na tarde deste s\u00e1bado (17), na Avenida Nossa Senhora de F\u00e1tima, no Bairro S\u00e3o Judas Tadeu, em Montes Claros. De acordo com [&hellip;]<\/p>\n","protected":false},"author":1,"featured_media":50405,"comment_status":"open","ping_status":"closed","sticky":false,"template":"","format":"standard","meta":{"amp_status":"","footnotes":""},"categories":[1236],"tags":[30467,210],"class_list":["post-50404","post","type-post","status-publish","format-standard","has-post-thumbnail","hentry","category-norte_de_minas","tag-dois-homens-sao-baleados-no-bairro-sao-judas-tadeu-em-montes-claros","tag-montes-claros"],"_links":{"self":[{"href":"https:\/\/aconteceunovale.com.br\/portal\/index.php?rest_route=\/wp\/v2\/posts\/50404","targetHints":{"allow":["GET"]}}],"collection":[{"href":"https:\/\/aconteceunovale.com.br\/portal\/index.php?rest_route=\/wp\/v2\/posts"}],"about":[{"href":"https:\/\/aconteceunovale.com.br\/portal\/index.php?rest_route=\/wp\/v2\/types\/post"}],"author":[{"embeddable":true,"href":"https:\/\/aconteceunovale.com.br\/portal\/index.php?rest_route=\/wp\/v2\/users\/1"}],"replies":[{"embeddable":true,"href":"https:\/\/aconteceunovale.com.br\/portal\/index.php?rest_route=%2Fwp%2Fv2%2Fcomments&post=50404"}],"version-history":[{"count":0,"href":"https:\/\/aconteceunovale.com.br\/portal\/index.php?rest_route=\/wp\/v2\/posts\/50404\/revisions"}],"wp:featuredmedia":[{"embeddable":true,"href":"https:\/\/aconteceunovale.com.br\/portal\/index.php?rest_route=\/wp\/v2\/media\/50405"}],"wp:attachment":[{"href":"https:\/\/aconteceunovale.com.br\/portal\/index.php?rest_route=%2Fwp%2Fv2%2Fmedia&parent=50404"}],"wp:term":[{"taxonomy":"category","embeddable":true,"href":"https:\/\/aconteceunovale.com.br\/portal\/index.php?rest_route=%2Fwp%2Fv2%2Fcategories&post=50404"},{"taxonomy":"post_tag","embeddable":true,"href":"https:\/\/aconteceunovale.com.br\/portal\/index.php?rest_route=%2Fwp%2Fv2%2Ftags&post=50404"}],"curies":[{"name":"wp","href":"https:\/\/api.w.org\/{rel}","templated":true}]}}