{"id":50395,"date":"2015-01-18T14:07:52","date_gmt":"2015-01-18T17:07:52","guid":{"rendered":"http:\/\/aconteceunovale.com.br\/portal\/?p=50395"},"modified":"2015-01-18T14:07:52","modified_gmt":"2015-01-18T17:07:52","slug":"van-que-saiu-de-sao-sebastiao-do-maranhao-capota-e-deixa-15-feridos-na-br-381","status":"publish","type":"post","link":"https:\/\/aconteceunovale.com.br\/portal\/?p=50395","title":{"rendered":"Van que saiu de S\u00e3o Sebasti\u00e3o do Maranh\u00e3o capota e deixa 15 feridos na BR-381"},"content":{"rendered":"<h4><strong><em>Motorista teria perdido o controle do ve\u00edculo, saiu da pista e capotou. Van saiu de S\u00e3o Sebasti\u00e3o do Maranh\u00e3o com destino a Piracicaba.<\/em><\/strong><\/h4>\n<p>Um acidente com uma Sprinter deixou quinze pessoas feridas, entre elas, cinco crian\u00e7as, na madrugada deste domingo, no km 751 da BR-381, na Zona Rural de Tr\u00eas Cora\u00e7\u00f5es, no Sul de Minas Gerais. De acordo com o Corpo de Bombeiros do Pelot\u00e3o da cidade, a van de placa DOS-6460, de S\u00e3o Sebasti\u00e3o do Maranh\u00e3o (MG), seguia sentido Belo Horizonte\/S\u00e3o Paulo, quando perdeu o controle da dire\u00e7\u00e3o, saiu da pista de rolamento pelo lado direito e capotou. O ve\u00edculo seguia para Piracicaba (SP).<\/p>\n<p><img decoding=\"async\" src=\"http:\/\/aconteceunovale.com.br\/portal\/wp-content\/uploads\/2015\/01\/van_ssm_18_1_1.jpg\" alt=\"\" \/><em>Ve\u00edculo saiu de S\u00e3o Sebasti\u00e3o do Maranh\u00e3o com destino a Piracicaba &#8211; Foto: Al\u00f4 Al\u00f4 Cidade \/ Divulga\u00e7\u00e3o<\/em><br \/>\n<\/br><\/p>\n<p>Na chegada dos bombeiros, as equipes de resgate da concession\u00e1ria BR Vida j\u00e1 estavam no local do acidente prestando atendimentos \u00e0s v\u00edtimas. Os militares isolaram o local, realizaram a preven\u00e7\u00e3o contra inc\u00eandios, imobiliza\u00e7\u00e3o das v\u00edtimas com os resgates da BR Vida e encaminharam as v\u00edtimas para o Hospital S\u00e3o Sebasti\u00e3o, em Tr\u00eas Cora\u00e7\u00f5es. Os quinze passageiros do ve\u00edculo tiveram ferimentos leves e escoria\u00e7\u00f5es. <\/p>\n<p>As v\u00edtimas foram identificadas pelo Corpo de Bombeiros e pela BR Vida: Jos\u00e9 Costa Duarte, 65 anos, Jaicon Francer de Oliveira, 25 anos, Robson Cardoso Gomes, Edna Gomes de Almeida, 33 anos, Aline Gomes de Almeida Ramos, 8 anos, Laura Viegas dos Santos, 12 anos, Maria Aparecida dos Santos, 52 anos, Leandro Henrique Rodrigues S. Blasiki, 9 anos, Wellington Daniel Sousa Blasiki, 7 anos, Rosemeire Alves da Silva Lacerda, 27 anos, Jussara Aparecida Silva Lacerda, 7 anos, Ediane Paula Silva, Altamira Pereira Fores Moura, Jos\u00e9 Paulo Lacerda, 33 anos, e Maria Aparecida Santos. <\/p>\n<p><img decoding=\"async\" src=\"http:\/\/aconteceunovale.com.br\/portal\/wp-content\/uploads\/2015\/01\/van_ssm_18_1_2.jpg\" alt=\"\" \/><em>Ve\u00edculo saiu de S\u00e3o Sebasti\u00e3o do Maranh\u00e3o com destino a Piracicaba &#8211; Foto: Al\u00f4 Al\u00f4 Cidade \/ Divulga\u00e7\u00e3o<\/em><br \/>\n<\/br><\/p>\n<p><img decoding=\"async\" src=\"http:\/\/aconteceunovale.com.br\/portal\/wp-content\/uploads\/2015\/01\/van_ssm_18_1_3.jpg\" alt=\"\" \/><em>Ve\u00edculo saiu de S\u00e3o Sebasti\u00e3o do Maranh\u00e3o com destino a Piracicaba &#8211; Foto: Al\u00f4 Al\u00f4 Cidade \/ Divulga\u00e7\u00e3o<\/em><br \/>\n<\/br><\/p>\n<p><img decoding=\"async\" src=\"http:\/\/aconteceunovale.com.br\/portal\/wp-content\/uploads\/2015\/01\/van_ssm_18_1_4.jpg\" alt=\"\" \/><em>Ve\u00edculo saiu de S\u00e3o Sebasti\u00e3o do Maranh\u00e3o com destino a Piracicaba &#8211; Foto: Al\u00f4 Al\u00f4 Cidade \/ Divulga\u00e7\u00e3o<\/em><br \/>\n<\/br><\/p>\n<p><strong><em>(Estado de Minas)<\/em><\/strong><\/p>\n","protected":false},"excerpt":{"rendered":"<p>Motorista teria perdido o controle do ve\u00edculo, saiu da pista e capotou. Van saiu de S\u00e3o Sebasti\u00e3o do Maranh\u00e3o com destino a Piracicaba. Um acidente com uma Sprinter deixou quinze pessoas feridas, entre elas, cinco crian\u00e7as, na madrugada deste domingo, no km 751 da BR-381, na Zona Rural de Tr\u00eas Cora\u00e7\u00f5es, no Sul de Minas [&hellip;]<\/p>\n","protected":false},"author":1,"featured_media":50396,"comment_status":"open","ping_status":"closed","sticky":false,"template":"","format":"standard","meta":{"amp_status":"","footnotes":""},"categories":[123],"tags":[30440,30437,30442,30438,30441,30439,30446,30454,30453,30445,30443,30436,30455,30452,30447,30449,30448,30456,30457,30444,30451,324,1507,30458,30450],"class_list":["post-50395","post","type-post","status-publish","format-standard","has-post-thumbnail","hentry","category-gerais","tag-acidente-com-pessoas-de-sao-sebastiao-do-maranhao","tag-acidente-com-sprinter-de-sao-sebastiao-do-maranhao","tag-acidente-com-sprinter-na-br-381","tag-acidente-com-van-de-sao-sebastiao-do-maranhao","tag-acidente-com-van-em-tres-coracoes","tag-acidente-com-van-que-saiu-de-sao-sebastiao-do-maranhao","tag-aline-gomes-de-almeida-ramos","tag-altamira-pereira-fores-moura","tag-ediane-paula-silva","tag-edna-gomes-de-almeida","tag-jaicon-francer-de-oliveira","tag-jose-costa-duarte","tag-jose-paulo-lacerda","tag-jussara-aparecida-silva-lacerda","tag-laura-viegas-dos-santos","tag-leandro-henrique-rodrigues-sousa-blasiki","tag-maria-aparecida-dos-santos","tag-maria-aparecida-santos","tag-piracicaba","tag-robson-cardoso-gomes","tag-rosemeire-alves-da-silva-lacerda","tag-sao-sebastiao-do-maranhao","tag-tres-coracoes","tag-van-que-saiu-de-sao-sebastiao-do-maranhao-capota-e-deixa-15-feridos-na-br-381","tag-wellington-daniel-sousa-blasiki"],"_links":{"self":[{"href":"https:\/\/aconteceunovale.com.br\/portal\/index.php?rest_route=\/wp\/v2\/posts\/50395","targetHints":{"allow":["GET"]}}],"collection":[{"href":"https:\/\/aconteceunovale.com.br\/portal\/index.php?rest_route=\/wp\/v2\/posts"}],"about":[{"href":"https:\/\/aconteceunovale.com.br\/portal\/index.php?rest_route=\/wp\/v2\/types\/post"}],"author":[{"embeddable":true,"href":"https:\/\/aconteceunovale.com.br\/portal\/index.php?rest_route=\/wp\/v2\/users\/1"}],"replies":[{"embeddable":true,"href":"https:\/\/aconteceunovale.com.br\/portal\/index.php?rest_route=%2Fwp%2Fv2%2Fcomments&post=50395"}],"version-history":[{"count":0,"href":"https:\/\/aconteceunovale.com.br\/portal\/index.php?rest_route=\/wp\/v2\/posts\/50395\/revisions"}],"wp:featuredmedia":[{"embeddable":true,"href":"https:\/\/aconteceunovale.com.br\/portal\/index.php?rest_route=\/wp\/v2\/media\/50396"}],"wp:attachment":[{"href":"https:\/\/aconteceunovale.com.br\/portal\/index.php?rest_route=%2Fwp%2Fv2%2Fmedia&parent=50395"}],"wp:term":[{"taxonomy":"category","embeddable":true,"href":"https:\/\/aconteceunovale.com.br\/portal\/index.php?rest_route=%2Fwp%2Fv2%2Fcategories&post=50395"},{"taxonomy":"post_tag","embeddable":true,"href":"https:\/\/aconteceunovale.com.br\/portal\/index.php?rest_route=%2Fwp%2Fv2%2Ftags&post=50395"}],"curies":[{"name":"wp","href":"https:\/\/api.w.org\/{rel}","templated":true}]}}