{"id":50391,"date":"2015-01-18T13:43:33","date_gmt":"2015-01-18T16:43:33","guid":{"rendered":"http:\/\/aconteceunovale.com.br\/portal\/?p=50391"},"modified":"2015-01-20T11:00:12","modified_gmt":"2015-01-20T14:00:12","slug":"comocao-e-revolta-no-enterro-de-seis-pessoas-da-mesma-familia-que-foram-atropeladas-em-belo-oriente","status":"publish","type":"post","link":"https:\/\/aconteceunovale.com.br\/portal\/?p=50391","title":{"rendered":"Como\u00e7\u00e3o e revolta no enterro de seis pessoas da mesma fam\u00edlia que foram atropeladas em Belo Oriente"},"content":{"rendered":"<h4><strong><em>Marcado por forte como\u00e7\u00e3o, as seis v\u00edtimas de um atropelamento foram enterradas na manh\u00e3 deste domingo. Ap\u00f3s enterro, moradores interditaram o local onde ocorreu o acidente como forma de protesto.<\/em><\/strong><\/h4>\n<p>Foram enterrados na manh\u00e3 deste domingo, 18 de janeiro, as seis integrantes de uma mesma fam\u00edlia que morreram em um acidente ocorrido na noite da \u00faltima sexta-feira (16) em Belo Oriente, na regi\u00e3o Leste de Minas Gerais.<\/p>\n<p>Mais de 200 pessoas compareceram ao enterro, e a cidade ficou em estado de choque com a trag\u00e9dia. &#8220;Eles eram muito queridos aqui, a fam\u00edlia era toda criada aqui em Belo Oriente&#8221;, conta um funcion\u00e1rio do cemit\u00e9rio municipal.<\/p>\n<p><img decoding=\"async\" src=\"http:\/\/aconteceunovale.com.br\/portal\/wp-content\/uploads\/2015\/01\/enterrados_belo_oriente_1.jpg\" alt=\"\" \/><em>V\u00edtimas foram atropeladas na noite da \u00faltima sexta-feira (16) &#8211; Foto: Max Goulart \/ WhatsApp<\/em><br \/>\n<\/br><\/p>\n<p>O vel\u00f3rio foi realizado durante toda a noite na casa das v\u00edtimas e em um sal\u00e3o comunit\u00e1rio. Morreram na hora Ana Let\u00edcia Sim\u00f5es Ferreira, de 16 anos, Irani Sim\u00f5es Bittencourt, de 39, Ronaldo Gomes Ferreira, de 33, Maria Piedade Assis, de 65, Eni Aparecida de Assis, de 46, e Maria Gomes Roque, de 67.<\/p>\n<p>O motorista que causou o acidente, Newton Paiva da Silva, de 55 anos, empres\u00e1rio e ex-secret\u00e1rio de Obras da cidade, fugiu sem prestar socorro e ainda n\u00e3o foi localizado. Moradores da cidade disseram que apesar de sempre ter vivido em Belo Oriente, recentemente, ele estaria morando na Bahia, j\u00e1 que teria iniciado neg\u00f3cios por l\u00e1.<\/p>\n<p>O acidente aconteceu por volta de 20h30 de sexta-feira no KM 63 da LMG-758. As v\u00edtimas conversavam em um banquinho na frente de casa quando foram atingidas pelo Ford Fusion do suspeito que, segundo testemunhas, estava em alta velocidade e acabou atropelando os moradores. <\/p>\n<p>Al\u00e9m das seis v\u00edtimas fatais, outras seis pessoas, sendo quatro ocupantes do carro, ficaram feridas e foram socorridas para hospitais de Ipatinga.<\/p>\n<h4>Manifesta\u00e7\u00e3o<\/h4>\n<p>Neste domingo, no fim do vel\u00f3rio e depois o sepultamento, houve protesto. O enterro coletivo provocou uma como\u00e7\u00e3o forte em todos que estavam presentes. Parentes e amigos pediram por justi\u00e7a e mais empenho da pol\u00edcia para localizar o condutor do carro.<\/p>\n<p>A velocidade m\u00e1xima permitida para a via onde aconteceu o acidente \u00e9 de 40 Km\/h. Ap\u00f3s o sepultamento das v\u00edtimas, moradores interditaram o local como forma de protesto pelo ocorrido. No trecho, h\u00e1 uma placa indicando a velocidade m\u00e1xima permitida e outra mostrando que a ultrapassagem no trecho \u00e9 proibida. <\/p>\n<p><img decoding=\"async\" src=\"http:\/\/aconteceunovale.com.br\/portal\/wp-content\/uploads\/2015\/01\/protesto_belo_oriente.jpg\" alt=\"\" \/><em>Moradores interditaram o local do acidente como forma de protesto &#8211; Foto: Max Goulart \/ WhatsApp<\/em><br \/>\n<\/br><\/p>\n<p><strong><em>(O Tempo)<\/em><\/strong><\/p>\n","protected":false},"excerpt":{"rendered":"<p>Marcado por forte como\u00e7\u00e3o, as seis v\u00edtimas de um atropelamento foram enterradas na manh\u00e3 deste domingo. Ap\u00f3s enterro, moradores interditaram o local onde ocorreu o acidente como forma de protesto. Foram enterrados na manh\u00e3 deste domingo, 18 de janeiro, as seis integrantes de uma mesma fam\u00edlia que morreram em um acidente ocorrido na noite da [&hellip;]<\/p>\n","protected":false},"author":1,"featured_media":50392,"comment_status":"open","ping_status":"closed","sticky":false,"template":"","format":"standard","meta":{"amp_status":"","footnotes":""},"categories":[121],"tags":[350,30435,30221,30433,30434,30380,30222,30220,30213,30219],"class_list":["post-50391","post","type-post","status-publish","format-standard","has-post-thumbnail","hentry","category-leste","tag-belo-oriente","tag-comocao-e-revolta-no-enterro-de-seis-pessoas-da-mesma-familia-que-foram-atropeladas-em-belo-oriente","tag-eni-aparecida-de-assis","tag-enterro-de-vitimas-em-belo-oriente","tag-filha-ana-leticia-simoes-ferreira","tag-irani-simoes-bittencourt","tag-maria-gomes-roque","tag-maria-piedade-assis","tag-newton-paiva-da-silva","tag-ronaldo-gomes-ferreira"],"_links":{"self":[{"href":"https:\/\/aconteceunovale.com.br\/portal\/index.php?rest_route=\/wp\/v2\/posts\/50391","targetHints":{"allow":["GET"]}}],"collection":[{"href":"https:\/\/aconteceunovale.com.br\/portal\/index.php?rest_route=\/wp\/v2\/posts"}],"about":[{"href":"https:\/\/aconteceunovale.com.br\/portal\/index.php?rest_route=\/wp\/v2\/types\/post"}],"author":[{"embeddable":true,"href":"https:\/\/aconteceunovale.com.br\/portal\/index.php?rest_route=\/wp\/v2\/users\/1"}],"replies":[{"embeddable":true,"href":"https:\/\/aconteceunovale.com.br\/portal\/index.php?rest_route=%2Fwp%2Fv2%2Fcomments&post=50391"}],"version-history":[{"count":0,"href":"https:\/\/aconteceunovale.com.br\/portal\/index.php?rest_route=\/wp\/v2\/posts\/50391\/revisions"}],"wp:featuredmedia":[{"embeddable":true,"href":"https:\/\/aconteceunovale.com.br\/portal\/index.php?rest_route=\/wp\/v2\/media\/50392"}],"wp:attachment":[{"href":"https:\/\/aconteceunovale.com.br\/portal\/index.php?rest_route=%2Fwp%2Fv2%2Fmedia&parent=50391"}],"wp:term":[{"taxonomy":"category","embeddable":true,"href":"https:\/\/aconteceunovale.com.br\/portal\/index.php?rest_route=%2Fwp%2Fv2%2Fcategories&post=50391"},{"taxonomy":"post_tag","embeddable":true,"href":"https:\/\/aconteceunovale.com.br\/portal\/index.php?rest_route=%2Fwp%2Fv2%2Ftags&post=50391"}],"curies":[{"name":"wp","href":"https:\/\/api.w.org\/{rel}","templated":true}]}}