{"id":50373,"date":"2015-01-17T20:43:30","date_gmt":"2015-01-17T23:43:30","guid":{"rendered":"http:\/\/aconteceunovale.com.br\/portal\/?p=50373"},"modified":"2015-01-17T21:45:48","modified_gmt":"2015-01-18T00:45:48","slug":"casal-do-norte-de-minas-morre-em-acidente-durante-viagem-de-ferias-no-estado-de-pernambuco","status":"publish","type":"post","link":"https:\/\/aconteceunovale.com.br\/portal\/?p=50373","title":{"rendered":"Casal do Norte de Minas morre em acidente durante viagem de f\u00e9rias no estado de Pernambuco"},"content":{"rendered":"<h4><strong><em>Casal morava em Pai Pedro, no Norte de Minas Gerais. A filha deles est\u00e1 internada em estado grave no Hospital da Restaura\u00e7\u00e3o (HR), em Recife.<\/em><\/strong><\/h4>\n<p>Uma colis\u00e3o frontal envolvendo dois carros de passeio deixou tr\u00eas pessoas mortas na manh\u00e3 deste s\u00e1bado, 17 de janeiro, no quil\u00f4metro 19 da BR-423 em S\u00e3o Caetano, no Agreste de Pernambuco. De acordo com a Pol\u00edcia Rodovi\u00e1ria Federal, um casal estava em um dos ve\u00edculos com duas crian\u00e7as quando o condutor, C\u00edcero Alves Barbosa, de 37 anos, teria invadido a contram\u00e3o. Ele e a esposa, Diolina Rosa Alves Barbosa, de 41 anos, morreram no local. O motorista do outro ve\u00edculo, David da Silva Bezerra, de 25 anos, tamb\u00e9m morreu na mesma hora.<\/p>\n<p><img decoding=\"async\" src=\"http:\/\/aconteceunovale.com.br\/portal\/wp-content\/uploads\/2015\/01\/acidente_familia_pai_pedro_1.jpg\" alt=\"\" \/><em>Acidente aconteceu na BR-423, no Agreste de Pernambuco (Foto: Amanda Dantas \/ TV Asa Branca)<\/em><br \/>\n<\/br><\/p>\n<p>Um adolescente de 12 anos foi levado para o Hospital Regional do Agreste (HRA), em Caruaru. De acordo com os m\u00e9dicos que fizeram o atendimento, ele sofreu apenas ferimentos e n\u00e3o corre risco de morrer. J\u00e1 a menina, identificada como Ma\u00edsa Alves Barbosa, de 6 anos de idade, foi transferida em estado grave em um helic\u00f3ptero da Pol\u00edcia Rodovi\u00e1ria Federal (PRF) para o Hospital da Restaura\u00e7\u00e3o (HR), em Recife.<\/p>\n<p>De acordo com a assessoria de comunica\u00e7\u00e3o do HR, a garota est\u00e1 na emerg\u00eancia pedi\u00e1trica e o estado de sa\u00fade \u00e9 grave. Ela est\u00e1 inconsciente e respira com ajuda de aparelhos.<\/p>\n<p>Ainda segundo a PRF, uma equipe do Corpo de Bombeiros foi acionada para retirar os corpos das ferragens. A pol\u00edcia informou que a placa do carro onde o casal estava \u00e9 de Pai Pedro (MG). Dentro do ve\u00edculo, havia um mapa que indicava um trajeto de Porteirinha (MG) a Caruaru, tamb\u00e9m no Agreste de pernambucano.<\/p>\n<p><img decoding=\"async\" src=\"http:\/\/aconteceunovale.com.br\/portal\/wp-content\/uploads\/2015\/01\/acidente_familia_pai_pedro_2.jpg\" alt=\"\" \/><em>Filha do casal foi levada em estado grave para um hospital de Recife (Foto: Reprodu\u00e7\u00e3o \/ TV Globo)<\/em><br \/>\n<\/br><\/p>\n<h4>Futuro das crian\u00e7as<\/h4>\n<p>Ainda n\u00e3o se sabe se as crian\u00e7as ir\u00e3o morar em Caruaru ou em Pai Pedro (MG), uma vez que a fam\u00edlia do pai \u00e9 pernambucana e a da m\u00e3e, mineira. &#8220;Eles s\u00e3o muito apegados \u00e0 fam\u00edlia de Minas Gerais, mas ainda \u00e9 muito cedo para definir&#8221;, afirma Patr\u00edcia Alves, irm\u00e3 de C\u00edcero Alves Barbosa, de 37 anos, uma das v\u00edtimas. Valdir Oliveira, amigo da fam\u00edlia da m\u00e3e das crian\u00e7as, afirma que &#8220;eles decidiram que isto vai ser definido depois que os meninos terminarem o tratamento m\u00e9dico&#8221;.<\/p>\n<h4>Estavam de f\u00e9rias<\/h4>\n<p>O casal e os filhos realizavam viagem de f\u00e9rias em Caruaru, onde estavam desde o dia 5 de janeiro na casa dos pais de C\u00edcero Alves Barbosa. &#8220;Eles tinham vindo na p\u00e1scoa do ano passado e voltaram novamente. Tinha passado os \u00faltimos dias na praia de S\u00e3o Jos\u00e9 da Coroa Grande e retornado na segunda-feira passada. Inicialmente, eles iriam passar 30 dias, mas decidiram antecipar o retorno&#8221;, detalha Patr\u00edcia Alves. Ela afirma, ainda, que a fam\u00edlia &#8220;n\u00e3o est\u00e1 acreditando&#8221; na not\u00edcia. &#8220;A gente ainda n\u00e3o conseguiu ver nada de enterro. Eu acho que o vel\u00f3rio vai ser na casa dos meus pais, n\u00e3o sei&#8221;.<\/p>\n<p>A fam\u00edlia de Diolina Rosa recebeu a not\u00edcia por meio de Valdir Oliveira. &#8220;Foi um choque muito grande! O pai dela est\u00e1 indo para Caruaru, com o carro da funer\u00e1ria. Ele deve chegar amanh\u00e3 [domingo, dia 18] para liberar o corpo [do IML]. Eles eram gente boa demais, um povo muito unido e trabalhador&#8221;, afirma o amigo. O casal tinha se conhecido em S\u00e3o Paulo e morava em Pai Pedro h\u00e1 mais de 10 anos, onde o homem era dono de uma oficina. &#8220;O enterro dele deve ser em Caruaru, j\u00e1 que era vontade dele, mas a mulher vai ser enterrada em Pai Pedro, pois a fam\u00edlia dela \u00e9 toda do munic\u00edpio&#8221;, acrescenta Valdir.<\/p>\n<h4>Aguardam libera\u00e7\u00e3o<\/h4>\n<p>Os corpos das v\u00edtimas ainda n\u00e3o foram liberados do Instituto de Medicina Legal (IML) de Caruaru. Uma terceira v\u00edtima envolvida no acidente, David da Silva, era de Cachoeirinha, tamb\u00e9m no Agreste, e teria sa\u00eddo de uma vaquejada no munic\u00edpio quando o acidente ocorreu, de acordo com Erileide Filha, prima dele. David ser\u00e1 enterrado no cemit\u00e9rio dessa cidade.<\/p>\n<p><strong><em>(Fonte: TV Asa Branca \/ G1)<\/em><\/strong><\/p>\n","protected":false},"excerpt":{"rendered":"<p>Casal morava em Pai Pedro, no Norte de Minas Gerais. A filha deles est\u00e1 internada em estado grave no Hospital da Restaura\u00e7\u00e3o (HR), em Recife. Uma colis\u00e3o frontal envolvendo dois carros de passeio deixou tr\u00eas pessoas mortas na manh\u00e3 deste s\u00e1bado, 17 de janeiro, no quil\u00f4metro 19 da BR-423 em S\u00e3o Caetano, no Agreste de [&hellip;]<\/p>\n","protected":false},"author":1,"featured_media":50374,"comment_status":"open","ping_status":"closed","sticky":false,"template":"","format":"standard","meta":{"amp_status":"","footnotes":""},"categories":[6],"tags":[30387,30390,30388,30389,30404,30406,30405,30401,13248,30412,30410,30392,30393,30409,30411,30395,30397,30400,30396,30402,30394,3059,30398,1194,21177,30391,30403,30407,30408,30399],"class_list":["post-50373","post","type-post","status-publish","format-standard","has-post-thumbnail","hentry","category-br","tag-acidente-com-carro-de-pai-pedro","tag-acidente-com-carro-de-porteirinha","tag-acidente-com-casal-de-pai-pedro","tag-acidente-com-casal-de-porteirinha","tag-acidente-com-casal-do-norte-de-minas","tag-acidente-com-familia-de-pai-pedro","tag-acidente-com-familia-do-norte-de-minas","tag-cachoeirinha","tag-caruaru","tag-casal-de-minas-gerais-morre-em-acidente-durante-viagem-de-ferias-no-estado-de-pernambuco","tag-casal-de-pai-pedro-morre-em-acidente-durante-viagem-de-ferias-no-estado-de-pernambuco","tag-casal-de-pai-pedro-morre-no-pernambuco","tag-casal-de-porteirinha-morre-em-pernambuco","tag-casal-do-norte-de-minas-morre-em-acidente-durante-viagem-de-ferias-no-estado-de-pernambuco","tag-casal-mineiro-morre-em-acidente-durante-viagem-de-ferias-no-estado-de-pernambuco","tag-cicero-alves-barbosa","tag-david-da-silva-bezerra","tag-diolina-rosa-alves-barbosa","tag-diolina-rosa-barbosa","tag-erileide-filha","tag-maisa-alves-barbosa","tag-pai-pedro","tag-patricia-alves","tag-porteirinha","tag-recife","tag-sao-caetano","tag-sao-jose-da-coroa-grande","tag-tragedia-com-casal-de-pai-pedro","tag-tragedia-com-familia-de-pai-pedro","tag-valdir-oliveira"],"_links":{"self":[{"href":"https:\/\/aconteceunovale.com.br\/portal\/index.php?rest_route=\/wp\/v2\/posts\/50373","targetHints":{"allow":["GET"]}}],"collection":[{"href":"https:\/\/aconteceunovale.com.br\/portal\/index.php?rest_route=\/wp\/v2\/posts"}],"about":[{"href":"https:\/\/aconteceunovale.com.br\/portal\/index.php?rest_route=\/wp\/v2\/types\/post"}],"author":[{"embeddable":true,"href":"https:\/\/aconteceunovale.com.br\/portal\/index.php?rest_route=\/wp\/v2\/users\/1"}],"replies":[{"embeddable":true,"href":"https:\/\/aconteceunovale.com.br\/portal\/index.php?rest_route=%2Fwp%2Fv2%2Fcomments&post=50373"}],"version-history":[{"count":0,"href":"https:\/\/aconteceunovale.com.br\/portal\/index.php?rest_route=\/wp\/v2\/posts\/50373\/revisions"}],"wp:featuredmedia":[{"embeddable":true,"href":"https:\/\/aconteceunovale.com.br\/portal\/index.php?rest_route=\/wp\/v2\/media\/50374"}],"wp:attachment":[{"href":"https:\/\/aconteceunovale.com.br\/portal\/index.php?rest_route=%2Fwp%2Fv2%2Fmedia&parent=50373"}],"wp:term":[{"taxonomy":"category","embeddable":true,"href":"https:\/\/aconteceunovale.com.br\/portal\/index.php?rest_route=%2Fwp%2Fv2%2Fcategories&post=50373"},{"taxonomy":"post_tag","embeddable":true,"href":"https:\/\/aconteceunovale.com.br\/portal\/index.php?rest_route=%2Fwp%2Fv2%2Ftags&post=50373"}],"curies":[{"name":"wp","href":"https:\/\/api.w.org\/{rel}","templated":true}]}}