{"id":50360,"date":"2015-01-17T19:22:59","date_gmt":"2015-01-17T22:22:59","guid":{"rendered":"http:\/\/aconteceunovale.com.br\/portal\/?p=50360"},"modified":"2015-01-17T19:22:59","modified_gmt":"2015-01-17T22:22:59","slug":"clareadores-dentais-so-podem-ser-vendidos-com-prescricao-de-um-profissional","status":"publish","type":"post","link":"https:\/\/aconteceunovale.com.br\/portal\/?p=50360","title":{"rendered":"Clareadores dentais s\u00f3 podem ser vendidos com prescri\u00e7\u00e3o de um profissional"},"content":{"rendered":"<p>A venda de clareadores dentais com concentra\u00e7\u00e3o acima de 3% de per\u00f3xido de hidrog\u00eanio s\u00f3 poder\u00e1 ser feita agora com prescri\u00e7\u00e3o de um dentista. A determina\u00e7\u00e3o, feita nesta semana pela Ag\u00eancia Nacional de Vigil\u00e2ncia Sanit\u00e1ria (Anvisa), tamb\u00e9m prev\u00ea que a comercializa\u00e7\u00e3o dos produtos ficar\u00e1 restrita a estabelecimentos com autoriza\u00e7\u00e3o para a venda de produtos de sa\u00fade.<\/p>\n<p>A norma, apoiada pelas entidades odontol\u00f3gicas, tem como objetivo prevenir os danos que podem ocorrer a partir do uso desses produtos sem orienta\u00e7\u00e3o e acompanhamento de um profissional habilitado. Entre os riscos do mau uso est\u00e3o sensibilidade dent\u00e1ria, altera\u00e7\u00e3o de superf\u00edcie do esmalte, absor\u00e7\u00e3o radicular, altera\u00e7\u00f5es pulpares e dano periodontal.<\/p>\n<p>Segundo a Associa\u00e7\u00e3o Brasileira de Cirurgi\u00f5es-Dentistas, os clareadores dentais devem ser tratados como medicamentos, j\u00e1 que podem trazer riscos \u00e0 sa\u00fade se mal administrados. Segundo a entidade, antes de usar o clareador, o paciente tem que ser avaliado, o dente j\u00e1 deve estar totalmente formado e deve-se avaliar se existem infiltra\u00e7\u00f5es, c\u00e1ries e uma s\u00e9rie de fatores que v\u00e3o influenciar a administra\u00e7\u00e3o do produto. Al\u00e9m disso, gr\u00e1vidas n\u00e3o podem usar os clareadores.<\/p>\n<p>A medida foi colocada em consulta p\u00fablica no ano passado, depois da demanda de entidades odontol\u00f3gicas. A norma da Anvisa tamb\u00e9m define que a propaganda desses produtos s\u00f3 poder\u00e1 ser veiculada em publica\u00e7\u00f5es dirigidas a profissionais prescritores. As embalagens ter\u00e3o que trazer impressa a express\u00e3o \u201cvenda sob prescri\u00e7\u00e3o de profissional legalmente habilitado\u201d. (Ag\u00eancia Brasil)<\/p>\n","protected":false},"excerpt":{"rendered":"<p>A venda de clareadores dentais com concentra\u00e7\u00e3o acima de 3% de per\u00f3xido de hidrog\u00eanio s\u00f3 poder\u00e1 ser feita agora com prescri\u00e7\u00e3o de um dentista. A determina\u00e7\u00e3o, feita nesta semana pela Ag\u00eancia Nacional de Vigil\u00e2ncia Sanit\u00e1ria (Anvisa), tamb\u00e9m prev\u00ea que a comercializa\u00e7\u00e3o dos produtos ficar\u00e1 restrita a estabelecimentos com autoriza\u00e7\u00e3o para a venda de produtos de [&hellip;]<\/p>\n","protected":false},"author":1,"featured_media":50361,"comment_status":"open","ping_status":"closed","sticky":false,"template":"","format":"standard","meta":{"amp_status":"","footnotes":""},"categories":[6],"tags":[25793,2278,30373,30372,30375,30374,30376,30377],"class_list":["post-50360","post","type-post","status-publish","format-standard","has-post-thumbnail","hentry","category-br","tag-agencia-nacional-de-vigilancia-sanitaria","tag-anvisa","tag-clareadores-dentais","tag-clareadores-dentais-so-podem-ser-vendidos-com-prescricao-de-um-profissional","tag-dentista","tag-prescricao-profissional","tag-prescricao-profissional-para-venda-de-clareadores-dentais","tag-venda-de-clareadores-dentais"],"_links":{"self":[{"href":"https:\/\/aconteceunovale.com.br\/portal\/index.php?rest_route=\/wp\/v2\/posts\/50360","targetHints":{"allow":["GET"]}}],"collection":[{"href":"https:\/\/aconteceunovale.com.br\/portal\/index.php?rest_route=\/wp\/v2\/posts"}],"about":[{"href":"https:\/\/aconteceunovale.com.br\/portal\/index.php?rest_route=\/wp\/v2\/types\/post"}],"author":[{"embeddable":true,"href":"https:\/\/aconteceunovale.com.br\/portal\/index.php?rest_route=\/wp\/v2\/users\/1"}],"replies":[{"embeddable":true,"href":"https:\/\/aconteceunovale.com.br\/portal\/index.php?rest_route=%2Fwp%2Fv2%2Fcomments&post=50360"}],"version-history":[{"count":0,"href":"https:\/\/aconteceunovale.com.br\/portal\/index.php?rest_route=\/wp\/v2\/posts\/50360\/revisions"}],"wp:featuredmedia":[{"embeddable":true,"href":"https:\/\/aconteceunovale.com.br\/portal\/index.php?rest_route=\/wp\/v2\/media\/50361"}],"wp:attachment":[{"href":"https:\/\/aconteceunovale.com.br\/portal\/index.php?rest_route=%2Fwp%2Fv2%2Fmedia&parent=50360"}],"wp:term":[{"taxonomy":"category","embeddable":true,"href":"https:\/\/aconteceunovale.com.br\/portal\/index.php?rest_route=%2Fwp%2Fv2%2Fcategories&post=50360"},{"taxonomy":"post_tag","embeddable":true,"href":"https:\/\/aconteceunovale.com.br\/portal\/index.php?rest_route=%2Fwp%2Fv2%2Ftags&post=50360"}],"curies":[{"name":"wp","href":"https:\/\/api.w.org\/{rel}","templated":true}]}}