{"id":50346,"date":"2015-01-17T18:14:29","date_gmt":"2015-01-17T21:14:29","guid":{"rendered":"http:\/\/aconteceunovale.com.br\/portal\/?p=50346"},"modified":"2015-01-17T19:35:02","modified_gmt":"2015-01-17T22:35:02","slug":"encontrado-o-corpo-do-jovem-que-se-afogou-no-rio-jequitinhonha-em-almenara","status":"publish","type":"post","link":"https:\/\/aconteceunovale.com.br\/portal\/?p=50346","title":{"rendered":"Encontrado o corpo do jovem que se afogou no Rio Jequitinhonha em Almenara"},"content":{"rendered":"<h4><strong><em>Jovem se afogou na tarde de quinta-feira (15). Corpo foi encontrado por um pescador.<\/em><\/strong><\/h4>\n<p>[image src=&#8221;http:\/\/aconteceunovale.com.br\/portal\/wp-content\/uploads\/2015\/01\/jovem_afogou_almenara.jpg&#8221; width=&#8221;262&#8243; height=&#8221;331&#8243; lightbox=&#8221;yes&#8221; align=&#8221;left&#8221; float=&#8221;left&#8221;]Foi encontrado na tarde deste s\u00e1bado, 17 de janeiro, o corpo do jovem Alan Chaves Meira, de 16 anos, que estava desaparecido desde quinta-feira (15), quando se afogou ao tentar atravessar o Rio Jequitinhonha em Almenara, no Vale do Jequitinhonha. Um pescador encontrou o corpo pr\u00f3ximo da localidade Barra do Panela e acionou a Pol\u00edcia Militar.<\/p>\n<p>De acordo com o Soldado Henrique Santos, da Pol\u00edcia Militar de Almenara, a v\u00edtima foi reconhecida por familiares atrav\u00e9s do aparelho dent\u00e1rio, rel\u00f3gio e pulseira que usava.<\/p>\n<p>O corpo foi retirado da \u00e1gua por uma equipe do Corpo de Bombeiros de Te\u00f3filo Otoni e posteriormente foi recolhido ao Cemit\u00e9rio Parque da Esperan\u00e7a, onde passar\u00e1 por exame de necropsia e ser\u00e1 sepultado.<\/p>\n<h4>Relembre o caso<\/h4>\n<p>Alan Chaves se afogou na tarde da \u00faltima quinta-feira (15), quando tentou atravessar o Rio Jequitinhonha a nado. O acidente aconteceu por volta das 15h50, sob a ponte de acesso ao Bairro Cidade Nova, que foi completamente interditada no in\u00edcio da semana ap\u00f3s danos causados pela passagem de caminh\u00f5es. <\/p>\n<p>De acordo com a Pol\u00edcia Militar, um jovem de 22 anos, colega de trabalho da v\u00edtima, disse que eles estavam saindo do servi\u00e7o quando tentaram atravessar o rio em dire\u00e7\u00e3o ao Cidade Nova. Durante a travessia, ele percebeu que o amigo n\u00e3o conseguia mais nadar e estava pedindo socorro, mas n\u00e3o conseguiu alcan\u00e7\u00e1-lo.<\/p>\n<p><em>V\u00eddeo divulgado na internet mostra o momento do afogamento. Veja abaixo:<\/em><br \/>\n<iframe loading=\"lazy\" src=\"\/\/www.youtube.com\/embed\/ZAQH8KdjI90\" height=\"480\" width=\"640\" allowfullscreen=\"\" frameborder=\"0\"><\/iframe><\/p>\n","protected":false},"excerpt":{"rendered":"<p>Jovem se afogou na tarde de quinta-feira (15). Corpo foi encontrado por um pescador. [image src=&#8221;http:\/\/aconteceunovale.com.br\/portal\/wp-content\/uploads\/2015\/01\/jovem_afogou_almenara.jpg&#8221; width=&#8221;262&#8243; height=&#8221;331&#8243; lightbox=&#8221;yes&#8221; align=&#8221;left&#8221; float=&#8221;left&#8221;]Foi encontrado na tarde deste s\u00e1bado, 17 de janeiro, o corpo do jovem Alan Chaves Meira, de 16 anos, que estava desaparecido desde quinta-feira (15), quando se afogou ao tentar atravessar o Rio Jequitinhonha em [&hellip;]<\/p>\n","protected":false},"author":1,"featured_media":50348,"comment_status":"open","ping_status":"closed","sticky":false,"template":"","format":"standard","meta":{"amp_status":"","footnotes":""},"categories":[120],"tags":[30067,142,30146,30145,30144,30143,28987,30362,30140,30142,30139,30141,164],"class_list":["post-50346","post","type-post","status-publish","format-standard","has-post-thumbnail","hentry","category-jequi","tag-alan-chaves-meira","tag-almenara","tag-bombeiros-fazem-buscas-por-jovem-que-se-afogou-no-rio-jequitinhonha-em-almenara","tag-bombeiros-realizam-buscas-por-jovem-que-se-afogou-em-almenara","tag-bombeiros-realizam-buscas-por-jovem-que-se-afogou-no-rio-jequitinhonha","tag-bombeiros-realizam-buscas-por-jovem-que-se-afogou-no-rio-jequitinhonha-em-almenara","tag-corpo-de-bombeiros-de-teofilo-otoni","tag-encontrado-o-corpo-do-jovem-que-se-afogou-no-rio-jequitinhonha-em-almenara","tag-jovem-que-se-afogou-em-almenara","tag-jovem-que-se-afogou-no-rio-jequitinhonha","tag-jovem-se-afoga-em-almenara","tag-jovem-se-afoga-no-rio-jequitinhonha","tag-teofilo-otoni"],"_links":{"self":[{"href":"https:\/\/aconteceunovale.com.br\/portal\/index.php?rest_route=\/wp\/v2\/posts\/50346","targetHints":{"allow":["GET"]}}],"collection":[{"href":"https:\/\/aconteceunovale.com.br\/portal\/index.php?rest_route=\/wp\/v2\/posts"}],"about":[{"href":"https:\/\/aconteceunovale.com.br\/portal\/index.php?rest_route=\/wp\/v2\/types\/post"}],"author":[{"embeddable":true,"href":"https:\/\/aconteceunovale.com.br\/portal\/index.php?rest_route=\/wp\/v2\/users\/1"}],"replies":[{"embeddable":true,"href":"https:\/\/aconteceunovale.com.br\/portal\/index.php?rest_route=%2Fwp%2Fv2%2Fcomments&post=50346"}],"version-history":[{"count":0,"href":"https:\/\/aconteceunovale.com.br\/portal\/index.php?rest_route=\/wp\/v2\/posts\/50346\/revisions"}],"wp:featuredmedia":[{"embeddable":true,"href":"https:\/\/aconteceunovale.com.br\/portal\/index.php?rest_route=\/wp\/v2\/media\/50348"}],"wp:attachment":[{"href":"https:\/\/aconteceunovale.com.br\/portal\/index.php?rest_route=%2Fwp%2Fv2%2Fmedia&parent=50346"}],"wp:term":[{"taxonomy":"category","embeddable":true,"href":"https:\/\/aconteceunovale.com.br\/portal\/index.php?rest_route=%2Fwp%2Fv2%2Fcategories&post=50346"},{"taxonomy":"post_tag","embeddable":true,"href":"https:\/\/aconteceunovale.com.br\/portal\/index.php?rest_route=%2Fwp%2Fv2%2Ftags&post=50346"}],"curies":[{"name":"wp","href":"https:\/\/api.w.org\/{rel}","templated":true}]}}