{"id":50343,"date":"2015-01-17T17:45:33","date_gmt":"2015-01-17T20:45:33","guid":{"rendered":"http:\/\/aconteceunovale.com.br\/portal\/?p=50343"},"modified":"2015-01-17T17:45:33","modified_gmt":"2015-01-17T20:45:33","slug":"previsao-do-tempo-para-jose-goncalves-de-minas-minas-gerais","status":"publish","type":"post","link":"https:\/\/aconteceunovale.com.br\/portal\/?p=50343","title":{"rendered":"Previs\u00e3o do tempo para Jos\u00e9 Gon\u00e7alves de Minas, Minas Gerais"},"content":{"rendered":"<p><center><\/p>\n<h4><strong><em>Previs\u00e3o do tempo para Jos\u00e9 Gon\u00e7alves de Minas (MG)<\/em><\/strong><\/h4>\n<p><\/center><\/p>\n<p><center><!-- Widget Previs&atilde;o de Tempo CPTEC\/INPE --><iframe loading=\"lazy\" allowtransparency=\"true\" marginwidth=\"0\" marginheight=\"0\" hspace=\"0\" vspace=\"0\" frameborder=\"0\" scrolling=\"no\" src=\"http:\/\/www.cptec.inpe.br\/widget\/widget.php?p=2815&#038;w=v&#038;c=748ccc&#038;f=ffffff\" height=\"350px\" width=\"192px\"><\/iframe><noscript>Previs&atilde;o de <a href=\"http:\/\/www.cptec.inpe.br\/cidades\/tempo\/2815\">Jos\u00e9 Gon\u00e7alves de Minas\/MG<\/a> oferecido por <a href=\"http:\/\/www.cptec.inpe.br\">CPTEC\/INPE<\/a><\/noscript><!-- Widget Previs&atilde;o de Tempo CPTEC\/INPE --><\/center><\/p>\n","protected":false},"excerpt":{"rendered":"<p>Previs\u00e3o do tempo para Jos\u00e9 Gon\u00e7alves de Minas (MG) Previs&atilde;o de Jos\u00e9 Gon\u00e7alves de Minas\/MG oferecido por CPTEC\/INPE<\/p>\n","protected":false},"author":1,"featured_media":50344,"comment_status":"open","ping_status":"closed","sticky":false,"template":"","format":"standard","meta":{"amp_status":"","footnotes":""},"categories":[6],"tags":[30350,30351,30352,30353,30354,30355,30246,30356,30357,30358,30359,30360,30361],"class_list":["post-50343","post","type-post","status-publish","format-standard","has-post-thumbnail","hentry","category-br","tag-acessar-previsao-do-tempo-em-jose-goncalves-de-minas","tag-clima-em-jose-goncalves-de-minas","tag-clima-tempo-em-jose-goncalves-de-minas","tag-climatempo-em-jose-goncalves-de-minas","tag-como-esta-o-tempo-em-jose-goncalves-de-minas","tag-como-saber-a-previsao-do-tempo-em-jose-goncalves-de-minas","tag-previsao-do-tempo-aconteceu-no-vale","tag-previsao-do-tempo-para-jose-goncalves-de-minas","tag-previsao-do-tempo-para-jose-goncalves-de-minas-minas-gerais","tag-temperatura-em-jose-goncalves-de-minas","tag-temperaturas-em-jose-goncalves-de-minas","tag-tempo-agora-em-jose-goncalves-de-minas","tag-tempo-em-jose-goncalves-de-minas"],"_links":{"self":[{"href":"https:\/\/aconteceunovale.com.br\/portal\/index.php?rest_route=\/wp\/v2\/posts\/50343","targetHints":{"allow":["GET"]}}],"collection":[{"href":"https:\/\/aconteceunovale.com.br\/portal\/index.php?rest_route=\/wp\/v2\/posts"}],"about":[{"href":"https:\/\/aconteceunovale.com.br\/portal\/index.php?rest_route=\/wp\/v2\/types\/post"}],"author":[{"embeddable":true,"href":"https:\/\/aconteceunovale.com.br\/portal\/index.php?rest_route=\/wp\/v2\/users\/1"}],"replies":[{"embeddable":true,"href":"https:\/\/aconteceunovale.com.br\/portal\/index.php?rest_route=%2Fwp%2Fv2%2Fcomments&post=50343"}],"version-history":[{"count":0,"href":"https:\/\/aconteceunovale.com.br\/portal\/index.php?rest_route=\/wp\/v2\/posts\/50343\/revisions"}],"wp:featuredmedia":[{"embeddable":true,"href":"https:\/\/aconteceunovale.com.br\/portal\/index.php?rest_route=\/wp\/v2\/media\/50344"}],"wp:attachment":[{"href":"https:\/\/aconteceunovale.com.br\/portal\/index.php?rest_route=%2Fwp%2Fv2%2Fmedia&parent=50343"}],"wp:term":[{"taxonomy":"category","embeddable":true,"href":"https:\/\/aconteceunovale.com.br\/portal\/index.php?rest_route=%2Fwp%2Fv2%2Fcategories&post=50343"},{"taxonomy":"post_tag","embeddable":true,"href":"https:\/\/aconteceunovale.com.br\/portal\/index.php?rest_route=%2Fwp%2Fv2%2Ftags&post=50343"}],"curies":[{"name":"wp","href":"https:\/\/api.w.org\/{rel}","templated":true}]}}