{"id":50340,"date":"2015-01-17T17:42:57","date_gmt":"2015-01-17T20:42:57","guid":{"rendered":"http:\/\/aconteceunovale.com.br\/portal\/?p=50340"},"modified":"2026-09-02T13:17:36","modified_gmt":"2026-09-02T16:17:36","slug":"previsao-do-tempo-para-jenipapo-de-minas-minas-gerais","status":"publish","type":"post","link":"https:\/\/aconteceunovale.com.br\/portal\/?p=50340","title":{"rendered":"Previs\u00e3o do tempo para Jenipapo de Minas, Minas Gerais"},"content":{"rendered":"<p><center><\/p>\n<h4><strong><em>Previs\u00e3o do tempo para Jenipapo de Minas (MG)<\/em><\/strong><\/h4>\n<p><\/center><\/p>\n<p><center><!-- Widget Previs&atilde;o de Tempo CPTEC\/INPE --><iframe loading=\"lazy\" allowtransparency=\"true\" marginwidth=\"0\" marginheight=\"0\" hspace=\"0\" vspace=\"0\" frameborder=\"0\" scrolling=\"no\" src=\"http:\/\/www.cptec.inpe.br\/widget\/widget.php?p=2768&#038;w=v&#038;c=748ccc&#038;f=ffffff\" height=\"350px\" width=\"192px\"><\/iframe><noscript>Previs&atilde;o de <a href=\"http:\/\/www.cptec.inpe.br\/cidades\/tempo\/2768\">Jenipapo de Minas\/MG<\/a> oferecido por <a href=\"http:\/\/www.cptec.inpe.br\">CPTEC\/INPE<\/a><\/noscript><!-- Widget Previs&atilde;o de Tempo CPTEC\/INPE --><\/center><\/p>\n","protected":false},"excerpt":{"rendered":"<p>Previs\u00e3o do tempo para Jenipapo de Minas (MG) Previs&atilde;o de Jenipapo de Minas\/MG oferecido por CPTEC\/INPE<\/p>\n","protected":false},"author":1,"featured_media":50341,"comment_status":"open","ping_status":"closed","sticky":false,"template":"","format":"standard","meta":{"amp_status":"","footnotes":""},"categories":[6,272553],"tags":[30338,30339,30340,30341,30342,30343,30246,30344,30345,30346,30347,30348,30349],"class_list":["post-50340","post","type-post","status-publish","format-standard","has-post-thumbnail","hentry","category-br","category-jenipapo-de-minas","tag-acessar-previsao-do-tempo-em-jenipapo-de-minas","tag-clima-em-jenipapo-de-minas","tag-clima-tempo-em-jenipapo-de-minas","tag-climatempo-em-jenipapo-de-minas","tag-como-esta-o-tempo-em-jenipapo-de-minas","tag-como-saber-a-previsao-do-tempo-em-jenipapo-de-minas","tag-previsao-do-tempo-aconteceu-no-vale","tag-previsao-do-tempo-para-jenipapo-de-minas","tag-previsao-do-tempo-para-jenipapo-de-minas-minas-gerais","tag-temperatura-em-jenipapo-de-minas","tag-temperaturas-em-jenipapo-de-minas","tag-tempo-agora-em-jenipapo-de-minas","tag-tempo-em-jenipapo-de-minas"],"yoast_head":"<!-- This site is optimized with the Yoast SEO plugin v28.3 - https:\/\/yoast.com\/product\/yoast-seo-wordpress\/ -->\n<title>Previs\u00e3o do tempo para Jenipapo de Minas, Minas Gerais - Aconteceu no Vale<\/title>\n<meta name=\"robots\" content=\"index, follow, max-snippet:-1, max-image-preview:large, max-video-preview:-1\" \/>\n<link rel=\"canonical\" href=\"https:\/\/aconteceunovale.com.br\/portal\/?p=50340\" \/>\n<meta property=\"og:locale\" content=\"pt_BR\" \/>\n<meta property=\"og:type\" content=\"article\" \/>\n<meta property=\"og:title\" content=\"Previs\u00e3o do tempo para Jenipapo de Minas, Minas Gerais - Aconteceu no Vale\" \/>\n<meta property=\"og:description\" content=\"Previs\u00e3o do tempo para Jenipapo de Minas (MG) Previs&atilde;o de Jenipapo de Minas\/MG oferecido por CPTEC\/INPE\" \/>\n<meta property=\"og:url\" content=\"https:\/\/aconteceunovale.com.br\/portal\/?p=50340\" \/>\n<meta property=\"og:site_name\" content=\"Aconteceu no Vale\" \/>\n<meta property=\"article:publisher\" content=\"https:\/\/www.facebook.com\/aconteceunovale\/\" \/>\n<meta property=\"article:published_time\" content=\"2015-01-17T20:42:57+00:00\" \/>\n<meta property=\"article:modified_time\" content=\"2026-09-02T16:17:36+00:00\" \/>\n<meta property=\"og:image\" content=\"https:\/\/aconteceunovale.com.br\/portal\/wp-content\/uploads\/2015\/01\/jenipapo_de_minas.jpg\" \/>\n\t<meta property=\"og:image:width\" content=\"671\" \/>\n\t<meta property=\"og:image:height\" content=\"450\" \/>\n\t<meta property=\"og:image:type\" content=\"image\/jpeg\" \/>\n<meta name=\"author\" content=\"Aconteceu no Vale\" \/>\n<meta name=\"twitter:card\" content=\"summary_large_image\" \/>\n<meta name=\"twitter:creator\" content=\"@noticiadosvales\" \/>\n<meta name=\"twitter:site\" content=\"@noticiadosvales\" \/>\n<meta name=\"twitter:label1\" content=\"Escrito por\" \/>\n\t<meta name=\"twitter:data1\" content=\"Aconteceu no Vale\" \/>\n<script type=\"application\/ld+json\" class=\"yoast-schema-graph\">{\"@context\":\"https:\\\/\\\/schema.org\",\"@graph\":[{\"@type\":\"Article\",\"@id\":\"https:\\\/\\\/aconteceunovale.com.br\\\/portal\\\/?p=50340#article\",\"isPartOf\":{\"@id\":\"https:\\\/\\\/aconteceunovale.com.br\\\/portal\\\/?p=50340\"},\"author\":{\"name\":\"Aconteceu no Vale\",\"@id\":\"https:\\\/\\\/aconteceunovale.com.br\\\/portal\\\/#\\\/schema\\\/person\\\/633529146f2c94272bef50ac2953d589\"},\"headline\":\"Previs\u00e3o do tempo para Jenipapo de Minas, Minas Gerais\",\"datePublished\":\"2015-01-17T20:42:57+00:00\",\"dateModified\":\"2026-09-02T16:17:36+00:00\",\"mainEntityOfPage\":{\"@id\":\"https:\\\/\\\/aconteceunovale.com.br\\\/portal\\\/?p=50340\"},\"wordCount\":31,\"commentCount\":0,\"image\":{\"@id\":\"https:\\\/\\\/aconteceunovale.com.br\\\/portal\\\/?p=50340#primaryimage\"},\"thumbnailUrl\":\"https:\\\/\\\/aconteceunovale.com.br\\\/portal\\\/wp-content\\\/uploads\\\/2015\\\/01\\\/jenipapo_de_minas.jpg\",\"keywords\":[\"acessar previs\u00e3o do tempo em Jenipapo de Minas\",\"clima em Jenipapo de Minas\",\"clima tempo em Jenipapo de Minas\",\"climatempo em Jenipapo de Minas\",\"como est\u00e1 o tempo em Jenipapo de Minas\",\"como saber a previs\u00e3o do tempo em Jenipapo de Minas\",\"previs\u00e3o do tempo aconteceu no vale\",\"Previs\u00e3o do tempo para Jenipapo de Minas\",\"Previs\u00e3o do tempo para Jenipapo de Minas Minas Gerais\",\"temperatura em Jenipapo de Minas\",\"temperaturas em Jenipapo de Minas\",\"tempo agora em Jenipapo de Minas\",\"tempo em Jenipapo de Minas\"],\"articleSection\":[\"Brasil\",\"Jenipapo de Minas\"],\"inLanguage\":\"pt-BR\",\"potentialAction\":[{\"@type\":\"CommentAction\",\"name\":\"Comment\",\"target\":[\"https:\\\/\\\/aconteceunovale.com.br\\\/portal\\\/?p=50340#respond\"]}]},{\"@type\":\"WebPage\",\"@id\":\"https:\\\/\\\/aconteceunovale.com.br\\\/portal\\\/?p=50340\",\"url\":\"https:\\\/\\\/aconteceunovale.com.br\\\/portal\\\/?p=50340\",\"name\":\"Previs\u00e3o do tempo para Jenipapo de Minas, Minas Gerais - Aconteceu no Vale\",\"isPartOf\":{\"@id\":\"https:\\\/\\\/aconteceunovale.com.br\\\/portal\\\/#website\"},\"primaryImageOfPage\":{\"@id\":\"https:\\\/\\\/aconteceunovale.com.br\\\/portal\\\/?p=50340#primaryimage\"},\"image\":{\"@id\":\"https:\\\/\\\/aconteceunovale.com.br\\\/portal\\\/?p=50340#primaryimage\"},\"thumbnailUrl\":\"https:\\\/\\\/aconteceunovale.com.br\\\/portal\\\/wp-content\\\/uploads\\\/2015\\\/01\\\/jenipapo_de_minas.jpg\",\"datePublished\":\"2015-01-17T20:42:57+00:00\",\"dateModified\":\"2026-09-02T16:17:36+00:00\",\"author\":{\"@id\":\"https:\\\/\\\/aconteceunovale.com.br\\\/portal\\\/#\\\/schema\\\/person\\\/633529146f2c94272bef50ac2953d589\"},\"breadcrumb\":{\"@id\":\"https:\\\/\\\/aconteceunovale.com.br\\\/portal\\\/?p=50340#breadcrumb\"},\"inLanguage\":\"pt-BR\",\"potentialAction\":[{\"@type\":\"ReadAction\",\"target\":[\"https:\\\/\\\/aconteceunovale.com.br\\\/portal\\\/?p=50340\"]}]},{\"@type\":\"ImageObject\",\"inLanguage\":\"pt-BR\",\"@id\":\"https:\\\/\\\/aconteceunovale.com.br\\\/portal\\\/?p=50340#primaryimage\",\"url\":\"https:\\\/\\\/aconteceunovale.com.br\\\/portal\\\/wp-content\\\/uploads\\\/2015\\\/01\\\/jenipapo_de_minas.jpg\",\"contentUrl\":\"https:\\\/\\\/aconteceunovale.com.br\\\/portal\\\/wp-content\\\/uploads\\\/2015\\\/01\\\/jenipapo_de_minas.jpg\",\"width\":671,\"height\":450},{\"@type\":\"BreadcrumbList\",\"@id\":\"https:\\\/\\\/aconteceunovale.com.br\\\/portal\\\/?p=50340#breadcrumb\",\"itemListElement\":[{\"@type\":\"ListItem\",\"position\":1,\"name\":\"In\u00edcio\",\"item\":\"https:\\\/\\\/aconteceunovale.com.br\\\/portal\\\/\"},{\"@type\":\"ListItem\",\"position\":2,\"name\":\"Previs\u00e3o do tempo para Jenipapo de Minas, Minas Gerais\"}]},{\"@type\":\"WebSite\",\"@id\":\"https:\\\/\\\/aconteceunovale.com.br\\\/portal\\\/#website\",\"url\":\"https:\\\/\\\/aconteceunovale.com.br\\\/portal\\\/\",\"name\":\"Aconteceu no Vale\",\"description\":\"Portal de Not\u00edcias\",\"potentialAction\":[{\"@type\":\"SearchAction\",\"target\":{\"@type\":\"EntryPoint\",\"urlTemplate\":\"https:\\\/\\\/aconteceunovale.com.br\\\/portal\\\/?s={search_term_string}\"},\"query-input\":{\"@type\":\"PropertyValueSpecification\",\"valueRequired\":true,\"valueName\":\"search_term_string\"}}],\"inLanguage\":\"pt-BR\"},{\"@type\":\"Person\",\"@id\":\"https:\\\/\\\/aconteceunovale.com.br\\\/portal\\\/#\\\/schema\\\/person\\\/633529146f2c94272bef50ac2953d589\",\"name\":\"Aconteceu no Vale\",\"description\":\"Equipe de reportagem do Aconteceu no Vale, portal de not\u00edcias do Vale do Jequitinhonha, em Minas Gerais. Cobrimos as 51 cidades do Vale desde 2013. Sugest\u00f5es de pauta e pedidos de corre\u00e7\u00e3o: contato@aconteceunovale.com.br\",\"sameAs\":[\"http:\\\/\\\/www.aconteceunovale.com.br\"],\"url\":\"https:\\\/\\\/aconteceunovale.com.br\\\/portal\\\/?author=1\"}]}<\/script>\n<!-- \/ Yoast SEO plugin. -->","yoast_head_json":{"title":"Previs\u00e3o do tempo para Jenipapo de Minas, Minas Gerais - Aconteceu no Vale","robots":{"index":"index","follow":"follow","max-snippet":"max-snippet:-1","max-image-preview":"max-image-preview:large","max-video-preview":"max-video-preview:-1"},"canonical":"https:\/\/aconteceunovale.com.br\/portal\/?p=50340","og_locale":"pt_BR","og_type":"article","og_title":"Previs\u00e3o do tempo para Jenipapo de Minas, Minas Gerais - Aconteceu no Vale","og_description":"Previs\u00e3o do tempo para Jenipapo de Minas (MG) Previs&atilde;o de Jenipapo de Minas\/MG oferecido por CPTEC\/INPE","og_url":"https:\/\/aconteceunovale.com.br\/portal\/?p=50340","og_site_name":"Aconteceu no Vale","article_publisher":"https:\/\/www.facebook.com\/aconteceunovale\/","article_published_time":"2015-01-17T20:42:57+00:00","article_modified_time":"2026-09-02T16:17:36+00:00","og_image":[{"width":671,"height":450,"url":"https:\/\/aconteceunovale.com.br\/portal\/wp-content\/uploads\/2015\/01\/jenipapo_de_minas.jpg","type":"image\/jpeg"}],"author":"Aconteceu no Vale","twitter_card":"summary_large_image","twitter_creator":"@noticiadosvales","twitter_site":"@noticiadosvales","twitter_misc":{"Escrito por":"Aconteceu no Vale"},"schema":{"@context":"https:\/\/schema.org","@graph":[{"@type":"Article","@id":"https:\/\/aconteceunovale.com.br\/portal\/?p=50340#article","isPartOf":{"@id":"https:\/\/aconteceunovale.com.br\/portal\/?p=50340"},"author":{"name":"Aconteceu no Vale","@id":"https:\/\/aconteceunovale.com.br\/portal\/#\/schema\/person\/633529146f2c94272bef50ac2953d589"},"headline":"Previs\u00e3o do tempo para Jenipapo de Minas, Minas Gerais","datePublished":"2015-01-17T20:42:57+00:00","dateModified":"2026-09-02T16:17:36+00:00","mainEntityOfPage":{"@id":"https:\/\/aconteceunovale.com.br\/portal\/?p=50340"},"wordCount":31,"commentCount":0,"image":{"@id":"https:\/\/aconteceunovale.com.br\/portal\/?p=50340#primaryimage"},"thumbnailUrl":"https:\/\/aconteceunovale.com.br\/portal\/wp-content\/uploads\/2015\/01\/jenipapo_de_minas.jpg","keywords":["acessar previs\u00e3o do tempo em Jenipapo de Minas","clima em Jenipapo de Minas","clima tempo em Jenipapo de Minas","climatempo em Jenipapo de Minas","como est\u00e1 o tempo em Jenipapo de Minas","como saber a previs\u00e3o do tempo em Jenipapo de Minas","previs\u00e3o do tempo aconteceu no vale","Previs\u00e3o do tempo para Jenipapo de Minas","Previs\u00e3o do tempo para Jenipapo de Minas Minas Gerais","temperatura em Jenipapo de Minas","temperaturas em Jenipapo de Minas","tempo agora em Jenipapo de Minas","tempo em Jenipapo de Minas"],"articleSection":["Brasil","Jenipapo de Minas"],"inLanguage":"pt-BR","potentialAction":[{"@type":"CommentAction","name":"Comment","target":["https:\/\/aconteceunovale.com.br\/portal\/?p=50340#respond"]}]},{"@type":"WebPage","@id":"https:\/\/aconteceunovale.com.br\/portal\/?p=50340","url":"https:\/\/aconteceunovale.com.br\/portal\/?p=50340","name":"Previs\u00e3o do tempo para Jenipapo de Minas, Minas Gerais - Aconteceu no Vale","isPartOf":{"@id":"https:\/\/aconteceunovale.com.br\/portal\/#website"},"primaryImageOfPage":{"@id":"https:\/\/aconteceunovale.com.br\/portal\/?p=50340#primaryimage"},"image":{"@id":"https:\/\/aconteceunovale.com.br\/portal\/?p=50340#primaryimage"},"thumbnailUrl":"https:\/\/aconteceunovale.com.br\/portal\/wp-content\/uploads\/2015\/01\/jenipapo_de_minas.jpg","datePublished":"2015-01-17T20:42:57+00:00","dateModified":"2026-09-02T16:17:36+00:00","author":{"@id":"https:\/\/aconteceunovale.com.br\/portal\/#\/schema\/person\/633529146f2c94272bef50ac2953d589"},"breadcrumb":{"@id":"https:\/\/aconteceunovale.com.br\/portal\/?p=50340#breadcrumb"},"inLanguage":"pt-BR","potentialAction":[{"@type":"ReadAction","target":["https:\/\/aconteceunovale.com.br\/portal\/?p=50340"]}]},{"@type":"ImageObject","inLanguage":"pt-BR","@id":"https:\/\/aconteceunovale.com.br\/portal\/?p=50340#primaryimage","url":"https:\/\/aconteceunovale.com.br\/portal\/wp-content\/uploads\/2015\/01\/jenipapo_de_minas.jpg","contentUrl":"https:\/\/aconteceunovale.com.br\/portal\/wp-content\/uploads\/2015\/01\/jenipapo_de_minas.jpg","width":671,"height":450},{"@type":"BreadcrumbList","@id":"https:\/\/aconteceunovale.com.br\/portal\/?p=50340#breadcrumb","itemListElement":[{"@type":"ListItem","position":1,"name":"In\u00edcio","item":"https:\/\/aconteceunovale.com.br\/portal\/"},{"@type":"ListItem","position":2,"name":"Previs\u00e3o do tempo para Jenipapo de Minas, Minas Gerais"}]},{"@type":"WebSite","@id":"https:\/\/aconteceunovale.com.br\/portal\/#website","url":"https:\/\/aconteceunovale.com.br\/portal\/","name":"Aconteceu no Vale","description":"Portal de Not\u00edcias","potentialAction":[{"@type":"SearchAction","target":{"@type":"EntryPoint","urlTemplate":"https:\/\/aconteceunovale.com.br\/portal\/?s={search_term_string}"},"query-input":{"@type":"PropertyValueSpecification","valueRequired":true,"valueName":"search_term_string"}}],"inLanguage":"pt-BR"},{"@type":"Person","@id":"https:\/\/aconteceunovale.com.br\/portal\/#\/schema\/person\/633529146f2c94272bef50ac2953d589","name":"Aconteceu no Vale","description":"Equipe de reportagem do Aconteceu no Vale, portal de not\u00edcias do Vale do Jequitinhonha, em Minas Gerais. Cobrimos as 51 cidades do Vale desde 2013. Sugest\u00f5es de pauta e pedidos de corre\u00e7\u00e3o: contato@aconteceunovale.com.br","sameAs":["http:\/\/www.aconteceunovale.com.br"],"url":"https:\/\/aconteceunovale.com.br\/portal\/?author=1"}]}},"_links":{"self":[{"href":"https:\/\/aconteceunovale.com.br\/portal\/index.php?rest_route=\/wp\/v2\/posts\/50340","targetHints":{"allow":["GET"]}}],"collection":[{"href":"https:\/\/aconteceunovale.com.br\/portal\/index.php?rest_route=\/wp\/v2\/posts"}],"about":[{"href":"https:\/\/aconteceunovale.com.br\/portal\/index.php?rest_route=\/wp\/v2\/types\/post"}],"author":[{"embeddable":true,"href":"https:\/\/aconteceunovale.com.br\/portal\/index.php?rest_route=\/wp\/v2\/users\/1"}],"replies":[{"embeddable":true,"href":"https:\/\/aconteceunovale.com.br\/portal\/index.php?rest_route=%2Fwp%2Fv2%2Fcomments&post=50340"}],"version-history":[{"count":1,"href":"https:\/\/aconteceunovale.com.br\/portal\/index.php?rest_route=\/wp\/v2\/posts\/50340\/revisions"}],"predecessor-version":[{"id":201185,"href":"https:\/\/aconteceunovale.com.br\/portal\/index.php?rest_route=\/wp\/v2\/posts\/50340\/revisions\/201185"}],"wp:featuredmedia":[{"embeddable":true,"href":"https:\/\/aconteceunovale.com.br\/portal\/index.php?rest_route=\/wp\/v2\/media\/50341"}],"wp:attachment":[{"href":"https:\/\/aconteceunovale.com.br\/portal\/index.php?rest_route=%2Fwp%2Fv2%2Fmedia&parent=50340"}],"wp:term":[{"taxonomy":"category","embeddable":true,"href":"https:\/\/aconteceunovale.com.br\/portal\/index.php?rest_route=%2Fwp%2Fv2%2Fcategories&post=50340"},{"taxonomy":"post_tag","embeddable":true,"href":"https:\/\/aconteceunovale.com.br\/portal\/index.php?rest_route=%2Fwp%2Fv2%2Ftags&post=50340"}],"curies":[{"name":"wp","href":"https:\/\/api.w.org\/{rel}","templated":true}]}}