{"id":50223,"date":"2015-01-16T18:57:24","date_gmt":"2015-01-16T21:57:24","guid":{"rendered":"http:\/\/aconteceunovale.com.br\/portal\/?p=50223"},"modified":"2015-01-17T21:07:26","modified_gmt":"2015-01-18T00:07:26","slug":"cinco-pessoas-morrem-e-sete-ficam-feridas-em-tres-acidentes-no-norte-de-minas","status":"publish","type":"post","link":"https:\/\/aconteceunovale.com.br\/portal\/?p=50223","title":{"rendered":"Cinco pessoas morrem e sete ficam feridas em tr\u00eas acidentes no Norte de Minas"},"content":{"rendered":"<h4><strong><em>Acidentes aconteceram na BR-365. O caso mais grave ocorreu antes do trevo de Ibia\u00ed, onde cinco pessoas morreram na colis\u00e3o entre dois carros de passeio.<\/em><\/strong><\/h4>\n<p>Cinco pessoas morreram e duas ficaram feridas em um grav\u00edssimo acidente nesta sexta-feira, 16 de janeiro, na altura do quil\u00f4metro 133 da BR-365, antes do trevo de Ibia\u00ed, no munic\u00edpio de V\u00e1rzea da Palma, no Norte de Minas Gerais. A colis\u00e3o frontal aconteceu no in\u00edcio da tarde e fechou parcialmente a rodovia por cerca de 4 horas.<\/p>\n<p>De acordo com a Pol\u00edcia Rodovi\u00e1ria Federal (PRF), o motorista do Fiat Palio, com placa JNN-2071 de Piracanjuba (GO) teria perdido o controle da dire\u00e7\u00e3o, invadido a contram\u00e3o e batido de frente com o Chevrolet Prisma, placa OWM-2507 de Montes Claros.<\/p>\n<p>Todos os quatro ocupantes do Palio morreram. S\u00e3o eles: o motorista Dorivaldo Nunes Pereira, de 34 anos, a m\u00e3e dele, que teve uma das pernas arrancada com o impacto do acidente, uma crian\u00e7a de 12 anos, e o outro homem identificado como Juarez Nunes Pereira. <\/p>\n<p>No Prisma estavam tr\u00eas pessoas. O passageiro que viajava no banco da frente, identificado como Celso Filho, tamb\u00e9m morreu no local. Outra ocupante, Tatiane Miranda Teberges, de 30 anos, e o condutor do ve\u00edculo, Petterson Marcos Barroso Mendes, de 25 anos, foram socorridos pelo Servi\u00e7o de Atendimento M\u00f3vel de Urg\u00eancia (Samu) e levados para a Funda\u00e7\u00e3o Hospitalar Dr. Mois\u00e9s Magalh\u00e3es Freire, em Pirapora. De acordo com a Assessoria de Comunica\u00e7\u00e3o do Samu, a mulher estava em estado grave, com rompimento do ba\u00e7o e do f\u00edgado. J\u00e1 o rapaz sofreu uma fratura no joelho direito e p\u00e9 esquerdo.<\/p>\n<p>Ainda segundo a PRF, o tr\u00e2nsito ficou em pista para os trabalhos de resgate, per\u00edcia e reboque. O trecho s\u00f3 foi totalmente liberado \u00e0s 16h.<\/p>\n<h4>Capotamento de ve\u00edculo<\/h4>\n<p>Ainda BR-365, desta vez a cerca de 12 quil\u00f4metros de Montes Claros, uma mulher ficou ferida em um capotamento de ve\u00edculo. De acordo com a Assessoria de Comunica\u00e7\u00e3o do Samu, o condutor, Odemir da Silva, de 56 anos, relatou que iria fazer uma convers\u00e3o para entrar em uma estrada vicinal, quando perdeu o controle e capotou.<\/p>\n<p>Com o impacto do acidente, uma mulher, Valeriana Rodrigues Prates, foi ejetada do ve\u00edculo e sofreu ferimentos leves. Ela foi socorrida por uma unidade de resgate do Samu e encaminhada para atendimento no Hospital Universit\u00e1rio, em Montes Claros. O motorista foi liberado pelos socorristas ap\u00f3s receber atendimento no local.<\/p>\n<h4>Pr\u00f3ximo ao Posto Barral<\/h4>\n<p>Um outro capotamento de ve\u00edculo deixou quatro pessoas da mesma fam\u00edlia feridas, a cerca de dois quil\u00f4metros do Posto Barral, na BR-365, em Montes Claros.  <\/p>\n<p>De acordo com a Assessoria de Comunica\u00e7\u00e3o do Samu, Maria Anesia Pereira, foi ejetada do ve\u00edculo com o impacto do acidente. Ela foi encaminhada em estado grave para a Santa Casa de Montes Claros.<\/p>\n<p>Outras tr\u00eas pessoas, dois homens e uma crian\u00e7a, tamb\u00e9m foram levadas para a mesma unidade de sa\u00fade e de acordo com o Samu est\u00e3o em estado est\u00e1vel.<\/p>\n<p><img decoding=\"async\" src=\"http:\/\/aconteceunovale.com.br\/portal\/wp-content\/uploads\/2015\/01\/acidentes_365_16_1.jpg\" alt=\"\" \/><em>Carro capotou ap\u00f3s pneu estourar na BR-365, pr\u00f3ximo a Montes Claros (Foto: Taislaine Antunes\/G1)<\/em><\/p>\n","protected":false},"excerpt":{"rendered":"<p>Acidentes aconteceram na BR-365. O caso mais grave ocorreu antes do trevo de Ibia\u00ed, onde cinco pessoas morreram na colis\u00e3o entre dois carros de passeio. Cinco pessoas morreram e duas ficaram feridas em um grav\u00edssimo acidente nesta sexta-feira, 16 de janeiro, na altura do quil\u00f4metro 133 da BR-365, antes do trevo de Ibia\u00ed, no munic\u00edpio [&hellip;]<\/p>\n","protected":false},"author":1,"featured_media":50224,"comment_status":"open","ping_status":"closed","sticky":false,"template":"","format":"standard","meta":{"amp_status":"","footnotes":""},"categories":[1236],"tags":[23641,30188,30187,30186,30200,30197,30196,30193,30195,30203,30415,30202,30199,30413,4609,30201,1695,30414,30194,210,30192,30190,30417,30198,254,1194,30189,30416,30191,1340],"class_list":["post-50223","post","type-post","status-publish","format-standard","has-post-thumbnail","hentry","category-norte_de_minas","tag-acidente-com-carro-de-montes-claros","tag-acidente-com-palio-de-goiania","tag-acidente-com-palio-de-piracanjuba","tag-acidente-com-prisma-de-montes-claros","tag-acidente-em-barra-do-guaicui-deixa-cinco-pessoas-mortas-e-duas-feridas","tag-acidente-em-varzea-da-palma","tag-acidente-proximo-ao-posto-barral","tag-ademir-da-silva","tag-auta-pereira","tag-batida-entre-dois-carros-deixa-cinco-pessoas-mortas-na-br-365-em-pirapora","tag-celso-filho","tag-cinco-morrem-em-colisao-frontal-na-br-365-em-varzea-da-palma","tag-cinco-pessoas-morrem-e-sete-ficam-feridas-em-tres-acidentes-no-norte-de-minas","tag-dorivaldo-nunes-pereira","tag-goiania","tag-grave-acidente-entre-carros-deixa-cinco-mortos-na-br-365","tag-ibiai","tag-juarez-nunes-pereira","tag-maria-anesia-pereira","tag-montes-claros","tag-odemir-da-silva","tag-peterson-marcos-barroso-mendes","tag-petterson-marcos-barroso-mendes","tag-piracanjuba","tag-pirapora","tag-porteirinha","tag-tatiane-miranda","tag-tatiane-miranda-teberges","tag-valeriana-rodrigues-prates","tag-varzea-da-palma"],"_links":{"self":[{"href":"https:\/\/aconteceunovale.com.br\/portal\/index.php?rest_route=\/wp\/v2\/posts\/50223","targetHints":{"allow":["GET"]}}],"collection":[{"href":"https:\/\/aconteceunovale.com.br\/portal\/index.php?rest_route=\/wp\/v2\/posts"}],"about":[{"href":"https:\/\/aconteceunovale.com.br\/portal\/index.php?rest_route=\/wp\/v2\/types\/post"}],"author":[{"embeddable":true,"href":"https:\/\/aconteceunovale.com.br\/portal\/index.php?rest_route=\/wp\/v2\/users\/1"}],"replies":[{"embeddable":true,"href":"https:\/\/aconteceunovale.com.br\/portal\/index.php?rest_route=%2Fwp%2Fv2%2Fcomments&post=50223"}],"version-history":[{"count":0,"href":"https:\/\/aconteceunovale.com.br\/portal\/index.php?rest_route=\/wp\/v2\/posts\/50223\/revisions"}],"wp:featuredmedia":[{"embeddable":true,"href":"https:\/\/aconteceunovale.com.br\/portal\/index.php?rest_route=\/wp\/v2\/media\/50224"}],"wp:attachment":[{"href":"https:\/\/aconteceunovale.com.br\/portal\/index.php?rest_route=%2Fwp%2Fv2%2Fmedia&parent=50223"}],"wp:term":[{"taxonomy":"category","embeddable":true,"href":"https:\/\/aconteceunovale.com.br\/portal\/index.php?rest_route=%2Fwp%2Fv2%2Fcategories&post=50223"},{"taxonomy":"post_tag","embeddable":true,"href":"https:\/\/aconteceunovale.com.br\/portal\/index.php?rest_route=%2Fwp%2Fv2%2Ftags&post=50223"}],"curies":[{"name":"wp","href":"https:\/\/api.w.org\/{rel}","templated":true}]}}