{"id":50218,"date":"2015-01-16T17:49:36","date_gmt":"2015-01-16T20:49:36","guid":{"rendered":"http:\/\/aconteceunovale.com.br\/portal\/?p=50218"},"modified":"2015-01-16T17:49:36","modified_gmt":"2015-01-16T20:49:36","slug":"doze-pessoas-sao-presas-durante-operacao-de-combate-a-criminalidade-em-pedra-azul","status":"publish","type":"post","link":"https:\/\/aconteceunovale.com.br\/portal\/?p=50218","title":{"rendered":"Doze pessoas s\u00e3o presas durante opera\u00e7\u00e3o de combate \u00e0 criminalidade em Pedra Azul"},"content":{"rendered":"<h4><strong><em>A\u00e7\u00e3o policial foi realizada nesta sexta-feira (16). Segundo a PC, a\u00e7\u00e3o desmantelou quatro gangues na cidade.<\/em><\/strong><\/h4>\n<p>Uma opera\u00e7\u00e3o de combate criminalidade, realizada nesta sexta-feira (16), no munic\u00edpio de Pedra Azul, no Vale do Jequitinhonha, resultou na pris\u00e3o de 12 pessoas. A a\u00e7\u00e3o, realizada em conjunto pelas Pol\u00edcias Civil e Militar, cumpriu dez mandados de pris\u00e3o e 21 mandados de busca e apreens\u00e3o nos Bairros Plataforma, Get\u00falio Vargas e Concei\u00e7\u00e3o.<\/p>\n<p>Segundo a PC, com a\u00e7\u00e3o, quatro gangues foram desmanteladas, sendo que dois dos envolvidos foram presos em flagrante. As investiga\u00e7\u00f5es, ainda segundo a PC, come\u00e7aram ap\u00f3s o aumento do n\u00famero de ocorr\u00eancias de roubos, troca de tiros e tentativas de homic\u00eddios na cidade e regi\u00e3o.<\/p>\n<p>&#8220;Nos \u00faltimos tr\u00eas meses, a criminalidade cresceu muito na regi\u00e3o, inclusive troca de tiros que resultaram na morte de duas pessoas. Por isso, passamos a investigar as quadrilhas&#8221;, explica o investigador da PC, Eug\u00eanio Mendes da Silva.<\/p>\n<p>Nove j\u00e1 pessoas foram encaminhadas ao pres\u00eddio da cidade. Os outros presos prestam depoimento na delegacia.<\/p>\n<p><img decoding=\"async\" src=\"http:\/\/aconteceunovale.com.br\/portal\/wp-content\/uploads\/2015\/01\/operacao_pa_16_1.jpg\" alt=\"\" \/><em>Opera\u00e7\u00e3o teve como objetivo combater a criminalidade na cidade (Foto: Divulga\u00e7\u00e3o\/Pol\u00edcia Civil)<\/em><br \/>\n<\/br><\/p>\n<p><strong><em>(Inter TV Grande Minas)<\/em><\/strong><\/p>\n","protected":false},"excerpt":{"rendered":"<p>A\u00e7\u00e3o policial foi realizada nesta sexta-feira (16). Segundo a PC, a\u00e7\u00e3o desmantelou quatro gangues na cidade. Uma opera\u00e7\u00e3o de combate criminalidade, realizada nesta sexta-feira (16), no munic\u00edpio de Pedra Azul, no Vale do Jequitinhonha, resultou na pris\u00e3o de 12 pessoas. A a\u00e7\u00e3o, realizada em conjunto pelas Pol\u00edcias Civil e Militar, cumpriu dez mandados de pris\u00e3o [&hellip;]<\/p>\n","protected":false},"author":1,"featured_media":50219,"comment_status":"open","ping_status":"closed","sticky":false,"template":"","format":"standard","meta":{"amp_status":"","footnotes":""},"categories":[120],"tags":[30178,30179,30181,455,30180],"class_list":["post-50218","post","type-post","status-publish","format-standard","has-post-thumbnail","hentry","category-jequi","tag-doze-pessoas-sao-presas-durante-operacao-de-combate-a-criminalidade-em-pedra-azul","tag-operacao-da-policia-em-pedra-azul","tag-operacao-pedra-azul-16-de-janeiro-de-2015","tag-pedra-azul","tag-presos-em-pedra-azul"],"_links":{"self":[{"href":"https:\/\/aconteceunovale.com.br\/portal\/index.php?rest_route=\/wp\/v2\/posts\/50218","targetHints":{"allow":["GET"]}}],"collection":[{"href":"https:\/\/aconteceunovale.com.br\/portal\/index.php?rest_route=\/wp\/v2\/posts"}],"about":[{"href":"https:\/\/aconteceunovale.com.br\/portal\/index.php?rest_route=\/wp\/v2\/types\/post"}],"author":[{"embeddable":true,"href":"https:\/\/aconteceunovale.com.br\/portal\/index.php?rest_route=\/wp\/v2\/users\/1"}],"replies":[{"embeddable":true,"href":"https:\/\/aconteceunovale.com.br\/portal\/index.php?rest_route=%2Fwp%2Fv2%2Fcomments&post=50218"}],"version-history":[{"count":0,"href":"https:\/\/aconteceunovale.com.br\/portal\/index.php?rest_route=\/wp\/v2\/posts\/50218\/revisions"}],"wp:featuredmedia":[{"embeddable":true,"href":"https:\/\/aconteceunovale.com.br\/portal\/index.php?rest_route=\/wp\/v2\/media\/50219"}],"wp:attachment":[{"href":"https:\/\/aconteceunovale.com.br\/portal\/index.php?rest_route=%2Fwp%2Fv2%2Fmedia&parent=50218"}],"wp:term":[{"taxonomy":"category","embeddable":true,"href":"https:\/\/aconteceunovale.com.br\/portal\/index.php?rest_route=%2Fwp%2Fv2%2Fcategories&post=50218"},{"taxonomy":"post_tag","embeddable":true,"href":"https:\/\/aconteceunovale.com.br\/portal\/index.php?rest_route=%2Fwp%2Fv2%2Ftags&post=50218"}],"curies":[{"name":"wp","href":"https:\/\/api.w.org\/{rel}","templated":true}]}}