{"id":50214,"date":"2015-01-16T17:36:58","date_gmt":"2015-01-16T20:36:58","guid":{"rendered":"http:\/\/aconteceunovale.com.br\/portal\/?p=50214"},"modified":"2015-01-16T17:38:21","modified_gmt":"2015-01-16T20:38:21","slug":"corte-de-arvore-para-passagem-de-trio-eletrico-revolta-moradores-de-pedra-azul","status":"publish","type":"post","link":"https:\/\/aconteceunovale.com.br\/portal\/?p=50214","title":{"rendered":"Corte de \u00e1rvore para passagem de trio el\u00e9trico revolta moradores de Pedra Azul"},"content":{"rendered":"<h4><strong><em>Prefeitura divulgou nota informando que foi registrado um Boletim de Ocorr\u00eancia e os respons\u00e1veis foram multados.<\/em><\/strong><\/h4>\n<p>O corte de uma \u00e1rvore saud\u00e1vel para passagem de um trio el\u00e9trico deixou v\u00e1rios moradores de Pedra Azul, no Vale do Jequitinhonha, revoltados. <\/p>\n<p>A carreta, Trio El\u00e9trico Barret\u00e3o, foi utilizada na Micareta de Almenara e passou por Pedra Azul devido \u00e0 interdi\u00e7\u00e3o da ponte sobre o Rio Jequitinhonha. Durante o trajeto, uma \u00e1rvore que impedia a passagem teve os galhos cortados na regi\u00e3o central da cidade. <\/p>\n<p>O fato foi registrado por uma internauta e postado no Facebook (assista o v\u00eddeo abaixo). Rapidamente a grava\u00e7\u00e3o se espalhou pela rede e muitos moradores compartilharam ou deixaram coment\u00e1rios repudiando a a\u00e7\u00e3o, que consideraram crime ambiental e uma falta de respeito com os pedrazulenses. <\/p>\n<p><iframe loading=\"lazy\" width=\"640\" height=\"480\" src=\"\/\/www.youtube.com\/embed\/IoWy2g6cEuc\" frameborder=\"0\" allowfullscreen><\/iframe><\/p>\n<p>Uma moradora questionou a falta de a\u00e7\u00e3o da Pol\u00edcia Ambiental do munic\u00edpio. <em>\u201cPedra Azul est\u00e1 sem lei, sem autoridade! Cad\u00ea a Florestal? (referindo-se a Pol\u00edcia Militar de Meio Ambiente) Quem se responsabilizar\u00e1 por isso? Estamos \u00e0 merc\u00ea de bandidos, caminh\u00f5es de eucaliptos, que est\u00e3o detonando as nossas ruas e que pagam impostos para a cidade de Jequitinhonha. E agora? O que acontecer\u00e1?\u201d<\/em>, desabafou em uma rede social.<\/p>\n<p>Outro internauta relembrou que a \u00e1rvore existia bem antes dele ter nascido. <em>\u201cTenho 19 anos e essa \u00e1rvore j\u00e1 existia, infelizmente ocorreu isso. Quem a derrubou tem que ser punido.\u201d<\/em>, disse.<\/p>\n<p>Nesta sexta-feira (16), a prefeitura do munic\u00edpio, atrav\u00e9s da Secretaria de Meio Ambiente, divulgou nota informando que um boletim de ocorr\u00eancia foi registrado. A nota informa tamb\u00e9m que o motorista e o cidad\u00e3o, que se apresentou como respons\u00e1vel pelo trajeto do ve\u00edculo, foram multados em R$ 3.930,63 cada um.<\/p>\n<p>Confira a nota abaixo:<\/p>\n<p><em>A Secretaria Municipal de Meio Ambiente informa \u00e0 popula\u00e7\u00e3o, que tendo como base esse v\u00eddeo de um (a) cidad\u00e3o (\u00e3) postado nas redes sociais &#8211; em parceria com a Policia do Meio Ambiente, registraram Boletim de Ocorr\u00eancia (BO) e lavraram auto de infra\u00e7\u00e3o contra o motorista que conduzia o caminh\u00e3o (denominado Trio El\u00e9trico Barret\u00e3o) e um outro cidad\u00e3o que concorreu para a pr\u00e1tica do crime e na oportunidade se apresentou como respons\u00e1vel, pelo trajeto do ve\u00edculo citado. <\/p>\n<p>Ambos foram multados em R$ 3.930,63 cada um. A multa citada \u00e9 apenas administrativa, ainda haver\u00e1 a aplica\u00e7\u00e3o da multa criminal, pois estes ainda responder\u00e3o pelo crime praticado perante a Justi\u00e7a. Segundo o representante da Secretaria de meio Ambiente, Francisco Carlos dos Reis e o Sargento Gilberto Alves esta a\u00e7\u00e3o n\u00e3o trar\u00e1 de volta esta bela parte da paisagem verde de Pedra Azul, mas inibir\u00e1 outros a cometerem um crime t\u00e3o monstruoso contra o meio ambiente. Na oportunidade a Policia Militar (Meio Ambiente) e a Prefeitura de Pedra Azul agradecem a colabora\u00e7\u00e3o da popula\u00e7\u00e3o, pois sem ela, esse desfecho n\u00e3o aconteceria.<\/em><\/p>\n<p>A nota foi assinada pela Pol\u00edcia Militar de Meio Ambiente, Secretaria Municipal de Meio Ambiente e Prefeitura Municipal de Pedra Azul.<\/p>\n","protected":false},"excerpt":{"rendered":"<p>Prefeitura divulgou nota informando que foi registrado um Boletim de Ocorr\u00eancia e os respons\u00e1veis foram multados. O corte de uma \u00e1rvore saud\u00e1vel para passagem de um trio el\u00e9trico deixou v\u00e1rios moradores de Pedra Azul, no Vale do Jequitinhonha, revoltados. A carreta, Trio El\u00e9trico Barret\u00e3o, foi utilizada na Micareta de Almenara e passou por Pedra Azul [&hellip;]<\/p>\n","protected":false},"author":1,"featured_media":50215,"comment_status":"open","ping_status":"closed","sticky":false,"template":"","format":"standard","meta":{"amp_status":"","footnotes":""},"categories":[120],"tags":[142,30177,30175,29471,455,29448,30176],"class_list":["post-50214","post","type-post","status-publish","format-standard","has-post-thumbnail","hentry","category-jequi","tag-almenara","tag-corte-de-arvore-para-passagem-de-trio-eletrico-em-pedra-azul","tag-corte-de-arvore-para-passagem-de-trio-eletrico-revolta-moradores-de-pedra-azul","tag-micareta-de-almenara","tag-pedra-azul","tag-ponte-de-almenara","tag-trio-eletrico-barretao"],"_links":{"self":[{"href":"https:\/\/aconteceunovale.com.br\/portal\/index.php?rest_route=\/wp\/v2\/posts\/50214","targetHints":{"allow":["GET"]}}],"collection":[{"href":"https:\/\/aconteceunovale.com.br\/portal\/index.php?rest_route=\/wp\/v2\/posts"}],"about":[{"href":"https:\/\/aconteceunovale.com.br\/portal\/index.php?rest_route=\/wp\/v2\/types\/post"}],"author":[{"embeddable":true,"href":"https:\/\/aconteceunovale.com.br\/portal\/index.php?rest_route=\/wp\/v2\/users\/1"}],"replies":[{"embeddable":true,"href":"https:\/\/aconteceunovale.com.br\/portal\/index.php?rest_route=%2Fwp%2Fv2%2Fcomments&post=50214"}],"version-history":[{"count":0,"href":"https:\/\/aconteceunovale.com.br\/portal\/index.php?rest_route=\/wp\/v2\/posts\/50214\/revisions"}],"wp:featuredmedia":[{"embeddable":true,"href":"https:\/\/aconteceunovale.com.br\/portal\/index.php?rest_route=\/wp\/v2\/media\/50215"}],"wp:attachment":[{"href":"https:\/\/aconteceunovale.com.br\/portal\/index.php?rest_route=%2Fwp%2Fv2%2Fmedia&parent=50214"}],"wp:term":[{"taxonomy":"category","embeddable":true,"href":"https:\/\/aconteceunovale.com.br\/portal\/index.php?rest_route=%2Fwp%2Fv2%2Fcategories&post=50214"},{"taxonomy":"post_tag","embeddable":true,"href":"https:\/\/aconteceunovale.com.br\/portal\/index.php?rest_route=%2Fwp%2Fv2%2Ftags&post=50214"}],"curies":[{"name":"wp","href":"https:\/\/api.w.org\/{rel}","templated":true}]}}