{"id":50188,"date":"2015-01-16T13:43:36","date_gmt":"2015-01-16T16:43:36","guid":{"rendered":"http:\/\/aconteceunovale.com.br\/portal\/?p=50188"},"modified":"2015-01-17T18:11:18","modified_gmt":"2015-01-17T21:11:18","slug":"bombeiros-realizam-buscas-por-jovem-que-se-afogou-no-rio-jequitinhonha-em-almenara","status":"publish","type":"post","link":"https:\/\/aconteceunovale.com.br\/portal\/?p=50188","title":{"rendered":"Bombeiros fazem buscas por jovem que se afogou no Rio Jequitinhonha, em Almenara"},"content":{"rendered":"<h4><strong><em>Adolescente de 16 anos e rapaz de 22 tentaram atravessar o Rio Jequitinhonha a nado. PM pede que os moradores usem as embarca\u00e7\u00f5es dispon\u00edveis no local.<\/em><\/strong><\/h4>\n<p>Uma equipe do Corpo de Bombeiros de Te\u00f3filo Otoni iniciou na manh\u00e3 desta sexta-feira (16), as buscas pelo corpo do adolescente Alan Chaves Meira, de 16 anos, que est\u00e1 desaparecido desde a tarde de quinta-feira quando tentou atravessar o Rio Jequitinhonha em Almenara, no Vale do Jequitinhonha. O acidente aconteceu sob a ponte de acesso ao Bairro Cidade Nova, que foi completamente interditada no in\u00edcio da semana ap\u00f3s danos causados pela passagem de caminh\u00f5es. <\/p>\n<p><img decoding=\"async\" src=\"http:\/\/aconteceunovale.com.br\/portal\/wp-content\/uploads\/2015\/01\/desaparecido_almenara.jpg\" alt=\"\" \/><em>Buscas foram iniciadas na manh\u00e3 desta sexta-feira (16) &#8211; Foto: Internauta\/WhatsApp<\/em><br \/>\n<\/br><\/p>\n<p>O acidente aconteceu por volta das 15h50. De acordo com a Pol\u00edcia Militar (PM), um jovem de 22 anos, colega de trabalho da v\u00edtima, disse que eles estavam saindo do servi\u00e7o quando tentaram atravessar o rio a nado em dire\u00e7\u00e3o ao Cidade Nova. Durante a travessia, ele percebeu que o amigo n\u00e3o conseguia mais nadar e estava pedindo socorro, mas n\u00e3o conseguiu alcan\u00e7\u00e1-lo.<\/p>\n<p>V\u00eddeo divulgado na internet mostra o momento do afogamento. Veja abaixo:<br \/>\n<iframe loading=\"lazy\" width=\"640\" height=\"480\" src=\"\/\/www.youtube.com\/embed\/ZAQH8KdjI90\" frameborder=\"0\" allowfullscreen><\/iframe><\/p>\n<p>O soldado Henrique Santos, do 44\u00ba Batalh\u00e3o da Pol\u00edcia Militar, estava no local e participou do resgate. Segundo ele, um sargento conseguiu retirar o mais velho, mas o adolescente desapareceu nas \u00e1guas. \u201cNa hora que tiraram o rapaz resgatado eu conversei com ele. Perguntei porque ele se aventurou l\u00e1, mas ele n\u00e3o estava muito bem e nem conseguia conversar direito porque estava com uma exaust\u00e3o muscular imensa. Ele falou que eles pularam e tentaram atravessar\u201d, explica o militar. O rapaz recebeu os primeiros atendimentos dos policiais e preferiu n\u00e3o ir para o hospital. <\/p>\n<p>Ainda de acordo com o policial, durante o resgate surgiram v\u00e1rias vers\u00f5es para o incidente. Algumas informa\u00e7\u00f5es no local davam conta de que os jovens beberam antes de entrar no rio, outras de que as v\u00edtimas estavam na fila para embarcar em uma das embarca\u00e7\u00f5es que fazem a travessia do rio desde que a ponte foi interditada.<\/p>\n<h4>Travessia<\/h4>\n<p>Conforme o soldado Santos, desde o fechamento, a movimenta\u00e7\u00e3o de pessoas no entorno da ponte \u00e9 intensa. Muitos curiosos ficam no local acompanhando os trabalhos. A ponte \u00e9 o \u00fanico acesso ao Bairro Cidade Nova, um dos maiores da cidade. O Departamento de Estradas de Rodagem e Minas Gerais (DER-MG) divulgou desvios para os ve\u00edculos que costumavam passar pela ponte, que fica no km 35 da MG-406. <\/p>\n<p>At\u00e9 o dia 13, a passagem de pedestres era permitida, mas engenheiros orientaram o fechamento total ap\u00f3s analisar a situa\u00e7\u00e3o da estrutura. Desde ent\u00e3o, a passagem dessas pessoas \u00e9 feita por canoas e barcos motorizados. De acordo com o soldado Henrique, policiais militares credenciados para fazer a travessia prestam o servi\u00e7o gratuitamente. As embarca\u00e7\u00f5es contam com coletes salva vidas. Um dos barcos foi cedido pela Copasa. Canoeiros tamb\u00e9m fazem a travessia no local, com o equipamento de seguran\u00e7a, mas cobram de R$ 3 a R$ 5. \u201cN\u00f3s j\u00e1 fazemos essa orienta\u00e7\u00e3o de que n\u00e3o h\u00e1 necessidade de as pessoas sem aventurarem em travessias, pela disponibilidade dos barcos e dos riscos e perigos\u201d, explica o militar.  <\/p>\n<h4>Entenda o caso<\/h4>\n<p>Segundo o DER-MG a passagem de duas carretas bi-trens carregadas com grandes pedras de granito causou o esmagamento parcial do topo do pilar que serve de apoio de sustenta\u00e7\u00e3o a uma das vigas. A passagem do sobrepeso levou a um abatimento da laje da ponte.<\/p>\n<p>Ainda no s\u00e1bado, a Pol\u00edcia Militar Rodovi\u00e1ria (PMRv) fez o isolamento do local at\u00e9 a chegada de t\u00e9cnicos do DER na regi\u00e3o, que optaram pelo fechamento parcial da ponte. At\u00e9 ent\u00e3o, somente a passagem de pedestres e ve\u00edculos menores, como carros e motos, estava liberada. Eles seguiam um de cada vez, no esquema de siga e pare, monitorados pela pol\u00edcia.<\/p>\n<p>A assessoria de imprensa do departamento informou que um t\u00e9cnico do DER em Belo Horizonte esteve no local na ter\u00e7a-feira e, conforme an\u00e1lise, optou pelo fechamento total da ponte. Ainda n\u00e3o h\u00e1 previs\u00e3o para a libera\u00e7\u00e3o do tr\u00e2nsito. <\/p>\n<p>H\u00e1 duas op\u00e7\u00f5es de desvio na regi\u00e3o. Confira:<\/p>\n<p>Op\u00e7\u00e3o 1: rodovia MG-406 &#8211; Almenara \/ Pedra Azul, depois seguir pela MGC-251 at\u00e9 o entroncamento da BR-116. Ao chegar na BR 116 \u2013 seguir por ela em sentido a Itaobim.<\/p>\n<p>Op\u00e7\u00e3o 2: rodovia LMG-634 Almenara a Ava\u00ed do Jacinto, depois passar por rodovia municipal que liga Ava\u00ed do Jacinto a Jacinto, onde dever\u00e1 prosseguir viagem pela BR-367, no seguimento Jacinto a Salto da Divisa.<\/p>\n<p><strong><em>(Estado de Minas)<\/em><\/strong><\/p>\n","protected":false},"excerpt":{"rendered":"<p>Adolescente de 16 anos e rapaz de 22 tentaram atravessar o Rio Jequitinhonha a nado. PM pede que os moradores usem as embarca\u00e7\u00f5es dispon\u00edveis no local. Uma equipe do Corpo de Bombeiros de Te\u00f3filo Otoni iniciou na manh\u00e3 desta sexta-feira (16), as buscas pelo corpo do adolescente Alan Chaves Meira, de 16 anos, que est\u00e1 [&hellip;]<\/p>\n","protected":false},"author":1,"featured_media":50189,"comment_status":"open","ping_status":"closed","sticky":false,"template":"","format":"standard","meta":{"amp_status":"","footnotes":""},"categories":[120],"tags":[30067,142,30146,30145,30144,30143,28987,30140,30142,30139,30141,164],"class_list":["post-50188","post","type-post","status-publish","format-standard","has-post-thumbnail","hentry","category-jequi","tag-alan-chaves-meira","tag-almenara","tag-bombeiros-fazem-buscas-por-jovem-que-se-afogou-no-rio-jequitinhonha-em-almenara","tag-bombeiros-realizam-buscas-por-jovem-que-se-afogou-em-almenara","tag-bombeiros-realizam-buscas-por-jovem-que-se-afogou-no-rio-jequitinhonha","tag-bombeiros-realizam-buscas-por-jovem-que-se-afogou-no-rio-jequitinhonha-em-almenara","tag-corpo-de-bombeiros-de-teofilo-otoni","tag-jovem-que-se-afogou-em-almenara","tag-jovem-que-se-afogou-no-rio-jequitinhonha","tag-jovem-se-afoga-em-almenara","tag-jovem-se-afoga-no-rio-jequitinhonha","tag-teofilo-otoni"],"_links":{"self":[{"href":"https:\/\/aconteceunovale.com.br\/portal\/index.php?rest_route=\/wp\/v2\/posts\/50188","targetHints":{"allow":["GET"]}}],"collection":[{"href":"https:\/\/aconteceunovale.com.br\/portal\/index.php?rest_route=\/wp\/v2\/posts"}],"about":[{"href":"https:\/\/aconteceunovale.com.br\/portal\/index.php?rest_route=\/wp\/v2\/types\/post"}],"author":[{"embeddable":true,"href":"https:\/\/aconteceunovale.com.br\/portal\/index.php?rest_route=\/wp\/v2\/users\/1"}],"replies":[{"embeddable":true,"href":"https:\/\/aconteceunovale.com.br\/portal\/index.php?rest_route=%2Fwp%2Fv2%2Fcomments&post=50188"}],"version-history":[{"count":0,"href":"https:\/\/aconteceunovale.com.br\/portal\/index.php?rest_route=\/wp\/v2\/posts\/50188\/revisions"}],"wp:featuredmedia":[{"embeddable":true,"href":"https:\/\/aconteceunovale.com.br\/portal\/index.php?rest_route=\/wp\/v2\/media\/50189"}],"wp:attachment":[{"href":"https:\/\/aconteceunovale.com.br\/portal\/index.php?rest_route=%2Fwp%2Fv2%2Fmedia&parent=50188"}],"wp:term":[{"taxonomy":"category","embeddable":true,"href":"https:\/\/aconteceunovale.com.br\/portal\/index.php?rest_route=%2Fwp%2Fv2%2Fcategories&post=50188"},{"taxonomy":"post_tag","embeddable":true,"href":"https:\/\/aconteceunovale.com.br\/portal\/index.php?rest_route=%2Fwp%2Fv2%2Ftags&post=50188"}],"curies":[{"name":"wp","href":"https:\/\/api.w.org\/{rel}","templated":true}]}}