{"id":50185,"date":"2015-01-16T13:25:53","date_gmt":"2015-01-16T16:25:53","guid":{"rendered":"http:\/\/aconteceunovale.com.br\/portal\/?p=50185"},"modified":"2015-01-16T13:25:53","modified_gmt":"2015-01-16T16:25:53","slug":"estrutura-para-construcao-de-passarela-flutuante-comeca-a-chegar-em-almenara","status":"publish","type":"post","link":"https:\/\/aconteceunovale.com.br\/portal\/?p=50185","title":{"rendered":"Estrutura para constru\u00e7\u00e3o de passarela flutuante come\u00e7a a chegar em Almenara"},"content":{"rendered":"<h4><strong><em>Passarela dever\u00e1 ficar pronta em no m\u00e1ximo oito dias. Estrutura ter\u00e1 2,6 metros de largura e poder\u00e1 ser utilizada para travessia de pedestres, ciclistas e motociclistas.<\/em><\/strong><\/h4>\n<p>Na manh\u00e3 desta sexta-feira, 16 de janeiro, come\u00e7ou a chegar em Almenara, a estrutura para constru\u00e7\u00e3o de uma passarela flutuante sobre o Rio Jequitinhonha. A Estrutura de 2,6 metros de largura ser\u00e1 constru\u00edda por uma empresa terceirizada pelo DER e poder\u00e1 ser utilizada para travessia de pedestres, ciclistas e motociclistas. <\/p>\n<p>O in\u00edcio da obra est\u00e1 previsto para este s\u00e1bado, e de acordo com respons\u00e1veis pela empresa, dever\u00e1 ficar pronta entre 4 e 8 dias. A passarela ser\u00e1 constru\u00edda a cerca de 150 metros da ponte que foi interditada, oferecendo maior seguran\u00e7a aos usu\u00e1rios, em caso de desabamento.<\/p>\n<p><img decoding=\"async\" src=\"http:\/\/aconteceunovale.com.br\/portal\/wp-content\/uploads\/2015\/01\/passarela_flutuante_almenara.jpg\" alt=\"\" \/><em>Passarela dever\u00e1 ficar pronta em no m\u00e1ximo oito dias &#8211; Foto: SD Henrique Santos<\/em><\/p>\n","protected":false},"excerpt":{"rendered":"<p>Passarela dever\u00e1 ficar pronta em no m\u00e1ximo oito dias. Estrutura ter\u00e1 2,6 metros de largura e poder\u00e1 ser utilizada para travessia de pedestres, ciclistas e motociclistas. Na manh\u00e3 desta sexta-feira, 16 de janeiro, come\u00e7ou a chegar em Almenara, a estrutura para constru\u00e7\u00e3o de uma passarela flutuante sobre o Rio Jequitinhonha. A Estrutura de 2,6 metros [&hellip;]<\/p>\n","protected":false},"author":1,"featured_media":50186,"comment_status":"open","ping_status":"closed","sticky":false,"template":"","format":"standard","meta":{"amp_status":"","footnotes":""},"categories":[120],"tags":[142,30138,30137,29448],"class_list":["post-50185","post","type-post","status-publish","format-standard","has-post-thumbnail","hentry","category-jequi","tag-almenara","tag-construcao-de-passarela-flutuante-em-almenara","tag-estrutura-para-construcao-de-passarela-flutuante-comeca-a-chegar-em-almenara","tag-ponte-de-almenara"],"_links":{"self":[{"href":"https:\/\/aconteceunovale.com.br\/portal\/index.php?rest_route=\/wp\/v2\/posts\/50185","targetHints":{"allow":["GET"]}}],"collection":[{"href":"https:\/\/aconteceunovale.com.br\/portal\/index.php?rest_route=\/wp\/v2\/posts"}],"about":[{"href":"https:\/\/aconteceunovale.com.br\/portal\/index.php?rest_route=\/wp\/v2\/types\/post"}],"author":[{"embeddable":true,"href":"https:\/\/aconteceunovale.com.br\/portal\/index.php?rest_route=\/wp\/v2\/users\/1"}],"replies":[{"embeddable":true,"href":"https:\/\/aconteceunovale.com.br\/portal\/index.php?rest_route=%2Fwp%2Fv2%2Fcomments&post=50185"}],"version-history":[{"count":0,"href":"https:\/\/aconteceunovale.com.br\/portal\/index.php?rest_route=\/wp\/v2\/posts\/50185\/revisions"}],"wp:featuredmedia":[{"embeddable":true,"href":"https:\/\/aconteceunovale.com.br\/portal\/index.php?rest_route=\/wp\/v2\/media\/50186"}],"wp:attachment":[{"href":"https:\/\/aconteceunovale.com.br\/portal\/index.php?rest_route=%2Fwp%2Fv2%2Fmedia&parent=50185"}],"wp:term":[{"taxonomy":"category","embeddable":true,"href":"https:\/\/aconteceunovale.com.br\/portal\/index.php?rest_route=%2Fwp%2Fv2%2Fcategories&post=50185"},{"taxonomy":"post_tag","embeddable":true,"href":"https:\/\/aconteceunovale.com.br\/portal\/index.php?rest_route=%2Fwp%2Fv2%2Ftags&post=50185"}],"curies":[{"name":"wp","href":"https:\/\/api.w.org\/{rel}","templated":true}]}}