{"id":50175,"date":"2015-01-16T12:44:06","date_gmt":"2015-01-16T15:44:06","guid":{"rendered":"http:\/\/aconteceunovale.com.br\/portal\/?p=50175"},"modified":"2015-01-16T12:44:06","modified_gmt":"2015-01-16T15:44:06","slug":"mais-de-150-municipios-mineiros-podem-solicitar-novas-vagas-no-programa-mais-medicos","status":"publish","type":"post","link":"https:\/\/aconteceunovale.com.br\/portal\/?p=50175","title":{"rendered":"Mais de 150 munic\u00edpios mineiros podem solicitar novas vagas no Programa Mais M\u00e9dicos"},"content":{"rendered":"<p>Para expandir o Programa Mais M\u00e9dicos em todo o Brasil, e garantir a incorpora\u00e7\u00e3o de 100% das vagas do Programa de Valoriza\u00e7\u00e3o do Profissional da Aten\u00e7\u00e3o B\u00e1sica (Provab), o Minist\u00e9rio da Saude abriu edital que prev\u00ea a contrata\u00e7\u00e3o de profissionais para 1.500 prefeituras. Em Minas Gerais, 166 munic\u00edpios poder\u00e3o solicitar novas vagas pelo programa.<\/p>\n<p>\u201cA amplia\u00e7\u00e3o do Mais M\u00e9dicos d\u00e1 nova oportunidade a esses munic\u00edpios que, por algum motivo, n\u00e3o puderam aderir ao programa. A iniciativa atende a reivindica\u00e7\u00e3o de cidades do pa\u00eds inteiro por nova chance de integrar ou ampliar o n\u00famero de profissionais\u201d, ressaltou o ministro da Sa\u00fade, Arthur Chioro.<\/p>\n<p>Munic\u00edpios e m\u00e9dicos ter\u00e3o at\u00e9 os dias 28 e 29, respectivamente, para confirmar sua participa\u00e7\u00e3o e efetuar a inscri\u00e7\u00e3o no sistema do <a href=\"http:\/\/maismedicos.saude.gov.br\/\" target=\"_blank\">Programa no site<\/a>. Pode participar as prefeituras do Provab 2014, que encerra em fevereiro, e aquelas de maior vulnerabilidade econ\u00f4mica e social. <\/p>\n<p>De acordo com o minist\u00e9rio, foram priorizadas as cidades com 20% de sua popula\u00e7\u00e3o em extrema pobreza, com IDH baixo e muito baixo, localizadas no semi\u00e1rido, Vales do Jequitinhonha, Mucuri e Ribeira e nas periferias de capitais e regi\u00f5es metropolitanas. Tamb\u00e9m foi garantida expans\u00e3o para os distritos ind\u00edgenas.<\/p>\n<h4>Prioridade<\/h4>\n<p>Os m\u00e9dicos brasileiros continuam tendo prioridade na sele\u00e7\u00e3o. E a partir de agora, eles ter\u00e3o tr\u00eas oportunidades para escolher o munic\u00edpio em que ir\u00e3o atuar. Na inscri\u00e7\u00e3o, cada profissional definir\u00e1 at\u00e9 quatro cidades de diferentes perfis, conforme a sua prioridade. Os candidatos concorrem somente com aqueles que optarem pelos mesmos munic\u00edpios e, quem n\u00e3o conseguir aloca\u00e7\u00e3o, ter\u00e1 acesso \u00e0s vagas remanescentes.<\/p>\n<p>Outra novidade \u00e9 que os candidatos brasileiros poder\u00e3o escolher entre os benef\u00edcios do Mais M\u00e9dicos ou 10% nas provas de resid\u00eancia do pa\u00eds. Caso todas as vagas n\u00e3o sejam preenchidas, o edital ser\u00e1 aberto aos brasileiros que se formaram no exterior e, em seguida, aos profissionais estrangeiros. (Hoje em Dia)<\/p>\n","protected":false},"excerpt":{"rendered":"<p>Para expandir o Programa Mais M\u00e9dicos em todo o Brasil, e garantir a incorpora\u00e7\u00e3o de 100% das vagas do Programa de Valoriza\u00e7\u00e3o do Profissional da Aten\u00e7\u00e3o B\u00e1sica (Provab), o Minist\u00e9rio da Saude abriu edital que prev\u00ea a contrata\u00e7\u00e3o de profissionais para 1.500 prefeituras. Em Minas Gerais, 166 munic\u00edpios poder\u00e3o solicitar novas vagas pelo programa. \u201cA [&hellip;]<\/p>\n","protected":false},"author":1,"featured_media":28778,"comment_status":"open","ping_status":"closed","sticky":false,"template":"","format":"standard","meta":{"amp_status":"","footnotes":""},"categories":[123],"tags":[30123,30121,550,30122],"class_list":["post-50175","post","type-post","status-publish","format-standard","has-post-thumbnail","hentry","category-gerais","tag-mais-de-150-municipios-mineiros-podem-solicitar-novas-vagas-no-programa-mais-medicos","tag-programa-de-valorizacao-do-profissional-da-atencao-basica","tag-programa-mais-medicos","tag-provab"],"_links":{"self":[{"href":"https:\/\/aconteceunovale.com.br\/portal\/index.php?rest_route=\/wp\/v2\/posts\/50175","targetHints":{"allow":["GET"]}}],"collection":[{"href":"https:\/\/aconteceunovale.com.br\/portal\/index.php?rest_route=\/wp\/v2\/posts"}],"about":[{"href":"https:\/\/aconteceunovale.com.br\/portal\/index.php?rest_route=\/wp\/v2\/types\/post"}],"author":[{"embeddable":true,"href":"https:\/\/aconteceunovale.com.br\/portal\/index.php?rest_route=\/wp\/v2\/users\/1"}],"replies":[{"embeddable":true,"href":"https:\/\/aconteceunovale.com.br\/portal\/index.php?rest_route=%2Fwp%2Fv2%2Fcomments&post=50175"}],"version-history":[{"count":0,"href":"https:\/\/aconteceunovale.com.br\/portal\/index.php?rest_route=\/wp\/v2\/posts\/50175\/revisions"}],"wp:featuredmedia":[{"embeddable":true,"href":"https:\/\/aconteceunovale.com.br\/portal\/index.php?rest_route=\/wp\/v2\/media\/28778"}],"wp:attachment":[{"href":"https:\/\/aconteceunovale.com.br\/portal\/index.php?rest_route=%2Fwp%2Fv2%2Fmedia&parent=50175"}],"wp:term":[{"taxonomy":"category","embeddable":true,"href":"https:\/\/aconteceunovale.com.br\/portal\/index.php?rest_route=%2Fwp%2Fv2%2Fcategories&post=50175"},{"taxonomy":"post_tag","embeddable":true,"href":"https:\/\/aconteceunovale.com.br\/portal\/index.php?rest_route=%2Fwp%2Fv2%2Ftags&post=50175"}],"curies":[{"name":"wp","href":"https:\/\/api.w.org\/{rel}","templated":true}]}}