{"id":50172,"date":"2015-01-16T12:40:29","date_gmt":"2015-01-16T15:40:29","guid":{"rendered":"http:\/\/aconteceunovale.com.br\/portal\/?p=50172"},"modified":"2015-01-16T12:40:29","modified_gmt":"2015-01-16T15:40:29","slug":"saiba-como-economizar-energia-eletrica-e-reduzir-a-conta-de-luz-neste-verao","status":"publish","type":"post","link":"https:\/\/aconteceunovale.com.br\/portal\/?p=50172","title":{"rendered":"Saiba como economizar energia el\u00e9trica e reduzir a conta de luz neste ver\u00e3o"},"content":{"rendered":"<h4><strong><em>Cinco dicas simples que podem reduzir sua conta<\/em><\/strong><\/h4>\n<p>F\u00e9rias escolares e um calor danado! Isso leva ao maior uso de ventilador, ar condicionado, televis\u00e3o, computador. A geladeira gasta mais energia para esfriar os alimentos. Tomamos maior quantidade de banhos. Tudo isso pode aumentar o consumo de energia no ver\u00e3o. Simples mudan\u00e7as no dia a dia favorecem a economia: de dinheiro e dos recursos naturais.<\/p>\n<p>Segundo informa\u00e7\u00f5es do Analista de Comercializa\u00e7\u00e3o da Companhia Energ\u00e9tica de Minas Gerais (Cemig), Ranieri C\u00e9sar Leite Coelho, o consumo de energia depende de duas vari\u00e1veis: a pot\u00eancia dos equipamentos e o tempo de uso de cada um deles. E \u00e9 poss\u00edvel reduzi-los sem prejudicar seu conforto.<\/p>\n<p><strong>Chuveiro<\/strong> &#8211; usar na op\u00e7\u00e3o ver\u00e3o &#8211; economia de 30%<\/p>\n<p><strong>Geladeira<\/strong> &#8211; verificar borracha de veda\u00e7\u00e3o, evitar deix\u00e1-la aberta muito tempo e mant\u00ea-la em pot\u00eancia baixa, fazer o degelo peri\u00f3dico, evitar colocar alimentos quentes.  Alerta! Uma geladeira em mau estado de conserva\u00e7\u00e3o pode gastar at\u00e9 67% a mais de energia el\u00e9trica.<\/p>\n<p><strong>Ar-condicionado<\/strong> &#8211; fechar bem o ambiente onde o aparelho estiver ligado. Opte em usar nos momentos mais quentes. O abuso deste aparelho pode elevar em 30% na conta de energia.<\/p>\n<p><strong>Luz<\/strong> \u2013 aproveite a ilumina\u00e7\u00e3o natural e ascenda as luzes mais tarde<\/p>\n<p><strong>Evite stand by<\/strong> &#8211; Quando est\u00e3o no modo stand by, os equipamentos el\u00e9tricos e eletr\u00f4nicos chegam a consumir at\u00e9 30% do seu consumo quando ligados. Al\u00e9m disso, \u00e9 sempre bom escolher o equipamento com o selo Procel ou com a etiqueta do Inmetro com a letra \u201cA\u201d pois s\u00e3o os mais eficientes e econ\u00f4micos.<\/p>\n<p>Para quem se interessa em investir numa economia constante, uma op\u00e7\u00e3o \u00e9 instalar o sistema de aquecimento solar. O analista da Cemig d\u00e1 o exemplo de uma fam\u00edlia de quatro pessoas que utiliza o chuveiro durante uma hora por dia. Nesse caso, o gasto anual apenas com banho \u00e9 de cerca de R$ 1 mil. Um sistema solar para essa fam\u00edlia est\u00e1 na faixa de R$ 2,5 mil e tem uma durabilidade de mais de dez anos. O valor investido pode ser recuperado rapidamente.<\/p>\n<p>Para saber mais sobre o uso da energia el\u00e9trica sem desperd\u00edcios, consulte o site: <a href=\"http:\/\/www.cemig.com.br\/atendimento\" target=\"_blank\">www.cemig.com.br\/atendimento<\/a>.<\/p>\n","protected":false},"excerpt":{"rendered":"<p>Cinco dicas simples que podem reduzir sua conta F\u00e9rias escolares e um calor danado! Isso leva ao maior uso de ventilador, ar condicionado, televis\u00e3o, computador. A geladeira gasta mais energia para esfriar os alimentos. Tomamos maior quantidade de banhos. Tudo isso pode aumentar o consumo de energia no ver\u00e3o. Simples mudan\u00e7as no dia a dia [&hellip;]<\/p>\n","protected":false},"author":1,"featured_media":50173,"comment_status":"open","ping_status":"closed","sticky":false,"template":"","format":"standard","meta":{"amp_status":"","footnotes":""},"categories":[123],"tags":[347,18567,30120,30119],"class_list":["post-50172","post","type-post","status-publish","format-standard","has-post-thumbnail","hentry","category-gerais","tag-cemig","tag-companhia-energetica-de-minas-gerais","tag-ranieri-cesar-leite-coelho","tag-saiba-como-economizar-energia-eletrica-e-reduzir-a-conta-de-luz-neste-verao"],"_links":{"self":[{"href":"https:\/\/aconteceunovale.com.br\/portal\/index.php?rest_route=\/wp\/v2\/posts\/50172","targetHints":{"allow":["GET"]}}],"collection":[{"href":"https:\/\/aconteceunovale.com.br\/portal\/index.php?rest_route=\/wp\/v2\/posts"}],"about":[{"href":"https:\/\/aconteceunovale.com.br\/portal\/index.php?rest_route=\/wp\/v2\/types\/post"}],"author":[{"embeddable":true,"href":"https:\/\/aconteceunovale.com.br\/portal\/index.php?rest_route=\/wp\/v2\/users\/1"}],"replies":[{"embeddable":true,"href":"https:\/\/aconteceunovale.com.br\/portal\/index.php?rest_route=%2Fwp%2Fv2%2Fcomments&post=50172"}],"version-history":[{"count":0,"href":"https:\/\/aconteceunovale.com.br\/portal\/index.php?rest_route=\/wp\/v2\/posts\/50172\/revisions"}],"wp:featuredmedia":[{"embeddable":true,"href":"https:\/\/aconteceunovale.com.br\/portal\/index.php?rest_route=\/wp\/v2\/media\/50173"}],"wp:attachment":[{"href":"https:\/\/aconteceunovale.com.br\/portal\/index.php?rest_route=%2Fwp%2Fv2%2Fmedia&parent=50172"}],"wp:term":[{"taxonomy":"category","embeddable":true,"href":"https:\/\/aconteceunovale.com.br\/portal\/index.php?rest_route=%2Fwp%2Fv2%2Fcategories&post=50172"},{"taxonomy":"post_tag","embeddable":true,"href":"https:\/\/aconteceunovale.com.br\/portal\/index.php?rest_route=%2Fwp%2Fv2%2Ftags&post=50172"}],"curies":[{"name":"wp","href":"https:\/\/api.w.org\/{rel}","templated":true}]}}