{"id":50155,"date":"2015-01-16T11:37:31","date_gmt":"2015-01-16T14:37:31","guid":{"rendered":"http:\/\/aconteceunovale.com.br\/portal\/?p=50155"},"modified":"2015-01-17T18:25:37","modified_gmt":"2015-01-17T21:25:37","slug":"diamantina-divulga-programacao-do-carnaval-2015","status":"publish","type":"post","link":"https:\/\/aconteceunovale.com.br\/portal\/?p=50155","title":{"rendered":"Diamantina divulga programa\u00e7\u00e3o do Carnaval 2015"},"content":{"rendered":"<h4><strong><em>Confira a programa\u00e7\u00e3o de um dos melhores carnavais do Brasil. Evento contar\u00e1 com a participa\u00e7\u00e3o de cinco bandas de renome nacional.<\/em><\/strong><\/h4>\n<p>O Carnaval de Diamantina, tradicionalmente realizado nas ruas e pra\u00e7as do Centro Hist\u00f3rico e Largo Dom Jo\u00e3o, oferece aos foli\u00f5es atra\u00e7\u00f5es durante todo o dia e noite. A anima\u00e7\u00e3o come\u00e7a j\u00e1 pela manh\u00e3, com desfile de blocos caricatos. Eles t\u00eam por caracter\u00edstica a par\u00f3dia aos principais fatos do momento, a vida pol\u00edtica e o dia-a-dia da cidade, destacando-se os blocos Sapo Seco, fundado no in\u00edcio do s\u00e9culo passado; o bloco infantil Rato Seco, acompanhado de sua pujante percuss\u00e3o, al\u00e9m de v\u00e1rios outros, que se apresentam ao longo do evento como o Bloco Xica da Silva, o Me Ampara Sen\u00e3o eu Caio, dentre outros.<\/p>\n<p>A grande concentra\u00e7\u00e3o de foli\u00f5es ocorre a partir do final da tarde e vai at\u00e9 o dia clarear na Pra\u00e7a do Mercado Velho, ruas do Centro Hist\u00f3rico e Largo Dom Jo\u00e3o, com a participa\u00e7\u00e3o da tradicional percuss\u00e3o das bandas Bat-Caverna e Bartucada. Para o Carnaval 2015 contaremos ainda com a participa\u00e7\u00e3o de cinco bandas de renome nacional &#8211; Samb\u00f4, Jota Quest, Inimigos da HP, Biquini Cavad\u00e3o e Wilson Sideral, al\u00e9m de m\u00fasicos locais, agregando valor \u00e0 boa musicalidade do carnaval de Diamantina. \u00c9 este ritmo acelerado que os visitantes encontram em Diamantina para comemorar a \u201cTradi\u00e7\u00e3o da Festa do Momo\u201d.<\/p>\n<p>O fluxo de visitantes no per\u00edodo do Carnaval \u00e9 estimado em 30.000 pessoas por dia. Todo esse p\u00fablico utiliza a estrutura formal e informal oferecida pela cidade e provoca o aquecimento da economia local. Com esta expectativa e para garantir a organiza\u00e7\u00e3o, o evento \u00e9 realizado atrav\u00e9s de uma gest\u00e3o compartilhada que re\u00fane o Minist\u00e9rio P\u00fablico, todos os \u00f3rg\u00e3os da Seguran\u00e7a P\u00fablica, Sa\u00fade, Fiscaliza\u00e7\u00e3o e Meio Ambiente, Comunica\u00e7\u00e3o, Secretarias Municipais, Copasa, Cemig, entidades representativas do com\u00e9rcio, associa\u00e7\u00f5es, dentre outras. Essa estrutura, atualmente, est\u00e1 formalizada na Comiss\u00e3o Permanente de Carnaval.<\/p>\n<p>Tendo em vista que o Carnaval de Diamantina \u00e9 um dos mais importantes do Brasil, entre os 4 melhores carnavais de rua do pa\u00eds, um dos maiores em p\u00fablico de Minas Gerais, o projeto atual do evento foi concebido de modo a manter as pr\u00e1ticas tradicionais do evento e atender as inova\u00e7\u00f5es demandadas nas pesquisas realizadas nos carnavais dos \u00faltimos anos, priorizando a organiza\u00e7\u00e3o de modo a garantir a imagem positiva da cidade.<\/p>\n<p><img decoding=\"async\" src=\"http:\/\/aconteceunovale.com.br\/portal\/wp-content\/uploads\/2015\/01\/carnaval_dtna_152.jpg\" alt=\"\" \/><em>Cidade deve receber 30 mil foli\u00f5es por dia &#8211; Foto: Divulga\u00e7\u00e3o \/ Secretaria de Cultura de Diamantina<\/em><br \/>\n<\/br><\/p>\n<h4>SEGURAN\u00c7A E ENTRETENIMENTO PARA O FOLI\u00c3O<\/h4>\n<p><strong>O tema do Carnaval de Diamantina 2015 \u00e9 \u201cTRADI\u00c7\u00c3O\u201d<\/strong><\/p>\n<p>Os seis dias de festa ter\u00e3o cerca de 20 horas de programa\u00e7\u00e3o di\u00e1ria. Os principais espa\u00e7os para os foli\u00f5es s\u00e3o: Largo da Folia, Quitanda do Samba, Espa\u00e7o Folia &#8211; Mercado Velho. Ser\u00e3o 12 portais de acesso, seguran\u00e7a e fiscaliza\u00e7\u00e3o, na expectativa de coibir o com\u00e9rcio ilegal na \u00e1rea do evento. Haver\u00e1 um n\u00famero expressivo de banheiros espalhados em pontos estrat\u00e9gicos e a cidade contar\u00e1 com servi\u00e7os extras de limpeza urbana, seguran\u00e7a privada, brigadistas, al\u00e9m do apoio ostensivo da Pol\u00edcia Militar, do Corpo de Bombeiros e da Guarda Civil Municipal.<\/p>\n<p>Pra\u00e7as de Alimenta\u00e7\u00e3o ser\u00e3o estruturadas para atender bem ao foli\u00e3o e ambulantes ser\u00e3o cadastrados.<\/p>\n<p><strong>Disque-Den\u00fancia<\/strong><\/p>\n<p>Haver\u00e1 um Disque-Den\u00fancia para reclama\u00e7\u00f5es relativas \u00e0 perturba\u00e7\u00e3o do sossego. Nesses casos, ser\u00e1 feita a apreens\u00e3o de aparelhos de som e instrumentos musicais, que estiverem emitindo ru\u00eddos al\u00e9m do permitido pelas normas do CODEMA, respaldada pelo Decreto de Carnaval e pela Lei Municipal n\u00ba 3561\/2010, Art.14, II, dentro e fora da \u00e1rea priorit\u00e1ria de seguran\u00e7a, e, ainda, multa para som automotivo e reten\u00e7\u00e3o do ve\u00edculo que estiver em desacordo com o artigo 228 do C\u00f3digo de Tr\u00e2nsito Brasileiro.<\/p>\n<p>Para garantir o cumprimento dessas normas, a fiscaliza\u00e7\u00e3o ser\u00e1 refor\u00e7ada. Al\u00e9m do aumento do n\u00famero de fiscais, eles ter\u00e3o apoio da Guarda Civil Municipal e Pol\u00edcia Militar, equipados com aparelhos de decibel\u00edmetro para aferi\u00e7\u00e3o do volume de som.<\/p>\n<h4>Confira a programa\u00e7\u00e3o:<\/h4>\n<p>Quem decide brincar o Carnaval em Diamantina precisa de preparo f\u00edsico: s\u00e3o cerca de 20 horas de folia durante os seis dias de festa entre as ruas estreitas e os casar\u00f5es antigos da cidade. Durante o dia, a anima\u00e7\u00e3o fica por conta dos Blocos Caricatos, Charangas, Palco de Samba, e \u00e0 noite quem comanda s\u00e3o as duas famosas batucadas: a Bat-Caverna e a Bartucada e bandas convidadas.<\/p>\n<p><img decoding=\"async\" src=\"http:\/\/aconteceunovale.com.br\/portal\/wp-content\/uploads\/2015\/01\/carnaval_dtna2.jpg\" alt=\"\" \/><em>Carnaval de Diamantina 2015 ter\u00e1 a participa\u00e7\u00e3o de cinco bandas de renome nacional<\/em><br \/>\n<\/br><\/p>\n<p>&#8211; Mais de 20 Blocos Caricatos no per\u00edodo de carnaval: Sapo Seco, Rato Seco, Xica da Silva, Xaixai, Bal\u00e3o M\u00e1gico, Me Ampara Sen\u00e3o eu Caio, Apolo XIII, Chega Chegando, Mingau com Queijo, entre outros. &#8211; Local: Circuito centro hist\u00f3rico<\/p>\n<p>&#8211; Palco 1: Pra\u00e7a Bar\u00e3o de Guaicui \u2013 MERCADO VELHO<br \/>\nS\u00c1BADO, DOMINGO, SEGUNDA e TER\u00c7A &#8211; HOR\u00c1RIO: 15h00 \u00e0s 06h00<br \/>\nSHOWS \u2013 Bat-Caverna, Bartucada, Samb\u00f4, Jota Quest, Inimigos da HP, Biquini Cavad\u00e3o, Wilson Sideral e DJs nos intervalos.<\/p>\n<p>&#8211; Palco 2: Quitanda do Samba<br \/>\nS\u00c1BADO, DOMINGO, SEGUNDA e TER\u00c7A &#8211; HOR\u00c1RIO: 15h00 \u00e0s 03h00<br \/>\nRODA DE SAMBA &#8211; Sambeco, Chega Chegando, Bartusamba, Os Pererecas entre outras.<\/p>\n<p>&#8211; Palco 3: Largo da Folia<br \/>\nS\u00c1BADO, DOMINGO, SEGUNDA e TER\u00c7A &#8211; HOR\u00c1RIO: 15h00 \u00e0s 03h00<br \/>\nSHOWS &#8211; Danilo Mendes, Xandreli Azevedo, Bat- Caverna, Bartucada, Jack B\u00f3ris, entre outros.<\/p>\n<p>Informa\u00e7\u00f5es: Coordena\u00e7\u00e3o de Eventos &#8211; (38) 3531-9527 (38) 3531-9537<\/p>\n<p><em>(Fonte: Secretaria de Cultura, Turismo e Patrim\u00f4nio de Diamantina)<\/em><\/p>\n","protected":false},"excerpt":{"rendered":"<p>Confira a programa\u00e7\u00e3o de um dos melhores carnavais do Brasil. Evento contar\u00e1 com a participa\u00e7\u00e3o de cinco bandas de renome nacional. O Carnaval de Diamantina, tradicionalmente realizado nas ruas e pra\u00e7as do Centro Hist\u00f3rico e Largo Dom Jo\u00e3o, oferece aos foli\u00f5es atra\u00e7\u00f5es durante todo o dia e noite. A anima\u00e7\u00e3o come\u00e7a j\u00e1 pela manh\u00e3, com [&hellip;]<\/p>\n","protected":false},"author":1,"featured_media":50159,"comment_status":"open","ping_status":"closed","sticky":false,"template":"","format":"standard","meta":{"amp_status":"","footnotes":""},"categories":[125],"tags":[30102,30095,30100,3026,30103,1018,198,30105,30098,30101,30104,30096,30094,30099,30097],"class_list":["post-50155","post","type-post","status-publish","format-standard","has-post-thumbnail","hentry","category-noticias","tag-agenda-do-carnaval-de-diamantina","tag-atracoes-do-carnaval-de-diamantina","tag-bloco-xica-da-silva","tag-carnaval-de-diamantina","tag-carnaval-de-diamantina-e-um-dos-mais-importantes-do-brasil","tag-destaque","tag-diamantina","tag-diamantina-divulga-programacao-do-carnaval-2015","tag-eventos-durante-o-carnaval-de-diamantina","tag-me-ampara-senao-eu-caio","tag-melhor-carnaval-do-brasil","tag-o-que-vai-ter-no-carnaval-de-diamantina","tag-programacao-do-carnaval-de-diamantina","tag-rato-seco","tag-shows-do-carnaval-de-diamantina"],"_links":{"self":[{"href":"https:\/\/aconteceunovale.com.br\/portal\/index.php?rest_route=\/wp\/v2\/posts\/50155","targetHints":{"allow":["GET"]}}],"collection":[{"href":"https:\/\/aconteceunovale.com.br\/portal\/index.php?rest_route=\/wp\/v2\/posts"}],"about":[{"href":"https:\/\/aconteceunovale.com.br\/portal\/index.php?rest_route=\/wp\/v2\/types\/post"}],"author":[{"embeddable":true,"href":"https:\/\/aconteceunovale.com.br\/portal\/index.php?rest_route=\/wp\/v2\/users\/1"}],"replies":[{"embeddable":true,"href":"https:\/\/aconteceunovale.com.br\/portal\/index.php?rest_route=%2Fwp%2Fv2%2Fcomments&post=50155"}],"version-history":[{"count":0,"href":"https:\/\/aconteceunovale.com.br\/portal\/index.php?rest_route=\/wp\/v2\/posts\/50155\/revisions"}],"wp:featuredmedia":[{"embeddable":true,"href":"https:\/\/aconteceunovale.com.br\/portal\/index.php?rest_route=\/wp\/v2\/media\/50159"}],"wp:attachment":[{"href":"https:\/\/aconteceunovale.com.br\/portal\/index.php?rest_route=%2Fwp%2Fv2%2Fmedia&parent=50155"}],"wp:term":[{"taxonomy":"category","embeddable":true,"href":"https:\/\/aconteceunovale.com.br\/portal\/index.php?rest_route=%2Fwp%2Fv2%2Fcategories&post=50155"},{"taxonomy":"post_tag","embeddable":true,"href":"https:\/\/aconteceunovale.com.br\/portal\/index.php?rest_route=%2Fwp%2Fv2%2Ftags&post=50155"}],"curies":[{"name":"wp","href":"https:\/\/api.w.org\/{rel}","templated":true}]}}