{"id":50150,"date":"2015-01-16T10:40:41","date_gmt":"2015-01-16T13:40:41","guid":{"rendered":"http:\/\/aconteceunovale.com.br\/portal\/?p=50150"},"modified":"2015-01-16T10:40:41","modified_gmt":"2015-01-16T13:40:41","slug":"plantao-do-samu-no-norte-de-minas-gerais-15-de-janeiro-de-2015","status":"publish","type":"post","link":"https:\/\/aconteceunovale.com.br\/portal\/?p=50150","title":{"rendered":"Plant\u00e3o do Samu no Norte de Minas Gerais &#8211; 15 de janeiro de 2015"},"content":{"rendered":"<h4><em><strong>Quinta-feira, 15 de janeiro de 2015<\/strong><\/em><\/h4>\n<p>A unidade do SAMU de Montes Claros realizou na quinta-feira, 15\/01, 45 atendimentos, sendo 34 casos cl\u00ednicos, 8 em decorr\u00eancia de acidentes de tr\u00e2nsito; 01 por ferimento por arma de fogo; 01 v\u00edtima de ferimento por arma branca; e uma v\u00edtima de queimadura por explos\u00e3o de panela de press\u00e3o.<\/p>\n<p>\u00c0s 20h40, a unidade do Samu foi acionada para atendimento a um jovem de 17 anos ferido por arma de fogo no bairro Santa L\u00facia. Ele foi atingido por um tiro na cabe\u00e7a.<\/p>\n<p>\u00c0s 20h15 horas, um homem de 20 anos caiu de moto no bairro Delfino Magalh\u00e3es, e ficou ferido no joelho direito.<\/p>\n<p>\u00c0s 19h17, a unidade do SAMU foi acionada na Vila Atl\u00e2ntida para atendimento a homem de 35 anos que sofreu queimadura por explos\u00e3o de panela de press\u00e3o. Ele sofreu queimaduras de 1\u00ba grau na face, t\u00f3rax e nos bra\u00e7os.<\/p>\n<p>Por volta das 17h, um rapaz de 18 anos foi ferido por arma branca (faca) no bairro Campos El\u00edsios. Ele apresentava um corte contuso em couro cabeludo com sangramento ativo.<\/p>\n<p>Por volta das 12h40, a unidade do SAMU foi acionada para atendimento a um homem de 42 anos, que ficou ferido ap\u00f3s colidir de moto contra outra moto no bairro Alto S\u00e3o Jo\u00e3o.  Ele foi encontrado pelos socorristas sentado ao solo, consciente e orientado, apresentando corte contuso na perna direita, sem sinais de fratura.<\/p>\n<p>Por volta das 11h50, um homem de 38 anos foi ferido ficou ferido ap\u00f3s colidir de moto contra outra moto na Avenida Leonel Beir\u00e3o de Jesus, bairro Dr. Jo\u00e3o Alves. Ele conduzia a moto e apresentava escoria\u00e7\u00f5es na face e se queixava de dor nos bra\u00e7os e pernas.<\/p>\n<p>Por volta das 10 horas, duas pessoas que ficaram feridas em um acidente ocorrido na Avenida Independ\u00eancia, bairro Independ\u00eancia, envolvendo um carro e uma moto. O condutor da moto, de 38 anos, apresentava suspeita de fratura no joelho direito. Uma mulher de 37 anos que na garupa da moto apresentava luxa\u00e7\u00e3o na m\u00e3o esquerda.<\/p>\n<p>Por volta das 9h20, um homem de 26 anos foi ferido ficou ferido ap\u00f3s colidir de moto contra outra moto na Avenida Geraldo Athayde, bairro Alto S\u00e3o Jo\u00e3o. Ele conduzia a moto e se queixava de dor no punho direito.<\/p>\n<p>\u00c0 8h, a unidade do SAMU foi acionada para atendimento a um homem de 83 anos que foi atropelado por uma moto na Avenida Paulista, bairro Santo Ant\u00f4nio I. Ele se queixava de dor tor\u00e1cica.<\/p>\n<p>Por volta das 6h10, a unidade do SAMU foi acionada para atendimento a uma mulher de 21 anos, no bairro Santa Laura, que sofreu queimadura com \u00e1gua quente, e a um homem de 35 anos que ficou ferido ap\u00f3s colidir de moto contra um carro na Rua Engenheiro Jo\u00e3o Ant\u00f4nio Pimenta, regi\u00e3o central de Montes Claros.<\/p>\n<p>Em todas as ocorr\u00eancias os feridos receberam os primeiros atendimentos no local e foram encaminhados ao hospital para avalia\u00e7\u00e3o.<\/p>\n","protected":false},"excerpt":{"rendered":"<p>Quinta-feira, 15 de janeiro de 2015 A unidade do SAMU de Montes Claros realizou na quinta-feira, 15\/01, 45 atendimentos, sendo 34 casos cl\u00ednicos, 8 em decorr\u00eancia de acidentes de tr\u00e2nsito; 01 por ferimento por arma de fogo; 01 v\u00edtima de ferimento por arma branca; e uma v\u00edtima de queimadura por explos\u00e3o de panela de press\u00e3o. [&hellip;]<\/p>\n","protected":false},"author":1,"featured_media":46383,"comment_status":"open","ping_status":"closed","sticky":false,"template":"","format":"standard","meta":{"amp_status":"","footnotes":""},"categories":[1236],"tags":[210,24659,24089,18898,18108,30090,18629,21139,4040],"class_list":["post-50150","post","type-post","status-publish","format-standard","has-post-thumbnail","hentry","category-norte_de_minas","tag-montes-claros","tag-plantao-do-samu-de-montes-claros","tag-plantao-do-samu-do-norte-de-minas","tag-plantao-do-samu-macro-norte","tag-plantao-do-samu-no-norte-de-minas-gerais","tag-plantao-do-samu-no-norte-de-minas-gerais-15-de-janeiro-de-2015","tag-samu-de-montes-claros","tag-samu-do-norte-de-minas","tag-samu-macro-norte"],"_links":{"self":[{"href":"https:\/\/aconteceunovale.com.br\/portal\/index.php?rest_route=\/wp\/v2\/posts\/50150","targetHints":{"allow":["GET"]}}],"collection":[{"href":"https:\/\/aconteceunovale.com.br\/portal\/index.php?rest_route=\/wp\/v2\/posts"}],"about":[{"href":"https:\/\/aconteceunovale.com.br\/portal\/index.php?rest_route=\/wp\/v2\/types\/post"}],"author":[{"embeddable":true,"href":"https:\/\/aconteceunovale.com.br\/portal\/index.php?rest_route=\/wp\/v2\/users\/1"}],"replies":[{"embeddable":true,"href":"https:\/\/aconteceunovale.com.br\/portal\/index.php?rest_route=%2Fwp%2Fv2%2Fcomments&post=50150"}],"version-history":[{"count":0,"href":"https:\/\/aconteceunovale.com.br\/portal\/index.php?rest_route=\/wp\/v2\/posts\/50150\/revisions"}],"wp:featuredmedia":[{"embeddable":true,"href":"https:\/\/aconteceunovale.com.br\/portal\/index.php?rest_route=\/wp\/v2\/media\/46383"}],"wp:attachment":[{"href":"https:\/\/aconteceunovale.com.br\/portal\/index.php?rest_route=%2Fwp%2Fv2%2Fmedia&parent=50150"}],"wp:term":[{"taxonomy":"category","embeddable":true,"href":"https:\/\/aconteceunovale.com.br\/portal\/index.php?rest_route=%2Fwp%2Fv2%2Fcategories&post=50150"},{"taxonomy":"post_tag","embeddable":true,"href":"https:\/\/aconteceunovale.com.br\/portal\/index.php?rest_route=%2Fwp%2Fv2%2Ftags&post=50150"}],"curies":[{"name":"wp","href":"https:\/\/api.w.org\/{rel}","templated":true}]}}