{"id":50140,"date":"2015-01-15T21:51:12","date_gmt":"2015-01-16T00:51:12","guid":{"rendered":"http:\/\/aconteceunovale.com.br\/portal\/?p=50140"},"modified":"2015-01-17T13:01:34","modified_gmt":"2015-01-17T16:01:34","slug":"inscricoes-para-encontro-de-comunicadores-no-vale-do-jequitinhonha-vao-ate-dia-23","status":"publish","type":"post","link":"https:\/\/aconteceunovale.com.br\/portal\/?p=50140","title":{"rendered":"Inscri\u00e7\u00f5es para encontro de comunicadores no Vale do Jequitinhonha v\u00e3o at\u00e9 dia 23"},"content":{"rendered":"<p>Est\u00e3o abertas at\u00e9 23 de janeiro as inscri\u00e7\u00f5es para o 4\u00ba Encontro de Comunicadores do Vale do Jequitinhonha, promovido pelo Programa Polo de Integra\u00e7\u00e3o da UFMG no Vale do Jequitinhonha. Interessados devem preencher <a href=\"http:\/\/goo.gl\/55Hocj\" target=\"_blank\">formul\u00e1rio eletr\u00f4nico dispon\u00edvel on-line.<\/a> Com o tema Estamos conectad@s?, o evento vai ocorrer de 23 e 25 de janeiro, no munic\u00edpio de Pedra Azul, norte de Minas Gerais.<\/p>\n<p>Mesas-redondas v\u00e3o discutir os problemas enfrentados na elabora\u00e7\u00e3o de produ\u00e7\u00f5es midi\u00e1ticas na regi\u00e3o e apresentar\u00e3o alternativas a esses desafios. Tamb\u00e9m ser\u00e3o oferecidas oficinas de cobertura jornal\u00edstica, m\u00eddia t\u00e1tica, publica\u00e7\u00e3o independente, fotografia, web jornalismo, produ\u00e7\u00e3o cultural, entre outras.<\/p>\n<p>O Encontro de Comunicadores \u00e9 promovido pelo programa de extens\u00e3o Polo de Integra\u00e7\u00e3o da UFMG no Vale do Jequitinhonha, que desenvolve, em parceria com a popula\u00e7\u00e3o local, projetos de sa\u00fade, cultura, meio ambiente, educa\u00e7\u00e3o, desenvolvimento social, comunica\u00e7\u00e3o e direitos humanos. Outras informa\u00e7\u00f5es podem ser obtidas no <a href=\"https:\/\/www2.ufmg.br\/polojequitinhonha\/Pagina-Inicial \" target=\"_blank\">site do programa<\/a>.<\/p>\n<p><img decoding=\"async\" src=\"http:\/\/aconteceunovale.com.br\/portal\/wp-content\/uploads\/2013\/11\/pedra_azul.jpg\" alt=\"\" \/><em>Evento acontece em Pedra Azul, no Vale do Jequitinhonha &#8211; Foto: Reprodu\u00e7\u00e3o<\/em><\/p>\n","protected":false},"excerpt":{"rendered":"<p>Est\u00e3o abertas at\u00e9 23 de janeiro as inscri\u00e7\u00f5es para o 4\u00ba Encontro de Comunicadores do Vale do Jequitinhonha, promovido pelo Programa Polo de Integra\u00e7\u00e3o da UFMG no Vale do Jequitinhonha. Interessados devem preencher formul\u00e1rio eletr\u00f4nico dispon\u00edvel on-line. Com o tema Estamos conectad@s?, o evento vai ocorrer de 23 e 25 de janeiro, no munic\u00edpio de [&hellip;]<\/p>\n","protected":false},"author":1,"featured_media":13709,"comment_status":"open","ping_status":"closed","sticky":false,"template":"","format":"standard","meta":{"amp_status":"","footnotes":""},"categories":[120],"tags":[30079,24473,30080,30078,455],"class_list":["post-50140","post","type-post","status-publish","format-standard","has-post-thumbnail","hentry","category-jequi","tag-4o-encontro-de-comunicadores-do-vale-do-jequitinhonha","tag-encontro-de-comunicadores-do-vale-do-jequitinhonha","tag-inscricoes-para-encontro-de-comunicadores-no-vale-do-jequitinhonha-vao-ate-dia-23","tag-inscricoes-para-o-4o-encontro-de-comunicadores-do-vale-do-jequitinhonha","tag-pedra-azul"],"_links":{"self":[{"href":"https:\/\/aconteceunovale.com.br\/portal\/index.php?rest_route=\/wp\/v2\/posts\/50140","targetHints":{"allow":["GET"]}}],"collection":[{"href":"https:\/\/aconteceunovale.com.br\/portal\/index.php?rest_route=\/wp\/v2\/posts"}],"about":[{"href":"https:\/\/aconteceunovale.com.br\/portal\/index.php?rest_route=\/wp\/v2\/types\/post"}],"author":[{"embeddable":true,"href":"https:\/\/aconteceunovale.com.br\/portal\/index.php?rest_route=\/wp\/v2\/users\/1"}],"replies":[{"embeddable":true,"href":"https:\/\/aconteceunovale.com.br\/portal\/index.php?rest_route=%2Fwp%2Fv2%2Fcomments&post=50140"}],"version-history":[{"count":0,"href":"https:\/\/aconteceunovale.com.br\/portal\/index.php?rest_route=\/wp\/v2\/posts\/50140\/revisions"}],"wp:featuredmedia":[{"embeddable":true,"href":"https:\/\/aconteceunovale.com.br\/portal\/index.php?rest_route=\/wp\/v2\/media\/13709"}],"wp:attachment":[{"href":"https:\/\/aconteceunovale.com.br\/portal\/index.php?rest_route=%2Fwp%2Fv2%2Fmedia&parent=50140"}],"wp:term":[{"taxonomy":"category","embeddable":true,"href":"https:\/\/aconteceunovale.com.br\/portal\/index.php?rest_route=%2Fwp%2Fv2%2Fcategories&post=50140"},{"taxonomy":"post_tag","embeddable":true,"href":"https:\/\/aconteceunovale.com.br\/portal\/index.php?rest_route=%2Fwp%2Fv2%2Ftags&post=50140"}],"curies":[{"name":"wp","href":"https:\/\/api.w.org\/{rel}","templated":true}]}}