{"id":50136,"date":"2015-01-15T19:47:58","date_gmt":"2015-01-15T22:47:58","guid":{"rendered":"http:\/\/aconteceunovale.com.br\/portal\/?p=50136"},"modified":"2015-01-15T19:47:58","modified_gmt":"2015-01-15T22:47:58","slug":"cemig-vai-realizar-estudo-para-retirada-do-poste-em-frente-a-igreja-sao-jose-em-minas-novas","status":"publish","type":"post","link":"https:\/\/aconteceunovale.com.br\/portal\/?p=50136","title":{"rendered":"Cemig vai realizar estudo para retirada do poste em frente \u00e0 Igreja S\u00e3o Jos\u00e9, em Minas Novas"},"content":{"rendered":"<p>Ap\u00f3s a manifesta\u00e7\u00e3o de internautas e <a href=\"http:\/\/aconteceunovale.com.br\/portal\/?p=50005\" target=\"_blank\">publica\u00e7\u00e3o de not\u00edcia no Portal Aconteceu no Vale denunciando a descaracteriza\u00e7\u00e3o do cen\u00e1rio da Igreja S\u00e3o Jos\u00e9<\/a>, na cidade hist\u00f3rica de Minas Novas, no Vale do Jequitinhonha, a Cemig e a Prefeitura Municipal, atrav\u00e9s da Secretaria de Cultura, est\u00e3o tomando provid\u00eancias para corre\u00e7\u00e3o da obra.<\/p>\n<p><img decoding=\"async\" src=\"http:\/\/aconteceunovale.com.br\/portal\/wp-content\/uploads\/2015\/01\/igreja_sao_jose_minas_novas.jpg\" alt=\"\" \/><em>Igreja S\u00e3o Jos\u00e9 &#8211; Foto: Eduardo Borges \/ Secretaria de Cultura, Turismo e Comunica\u00e7\u00e3o de Minas Novas<\/em><br \/>\n<\/br><\/p>\n<p>A Secretaria Municipal de Cultura, Turismo e Comunica\u00e7\u00e3o, divulgou o of\u00edcio 017\/2015, assinado pelo Secret\u00e1rio Ad\u00e3o Domingos Ramalho Coelho, no qual \u00e9 solicitado a Sra. Valdete Cordeiro de Ara\u00fajo, Superintendente Regional da Cemig, provid\u00eancias imediatas para retirada do poste. Ad\u00e3o Domingos justifica a solicita\u00e7\u00e3o pelo fato da referida igreja ser a \u00fanica em Estilo Octogonal do mundo tombada a n\u00edvel federal e a popula\u00e7\u00e3o minasnovense n\u00e3o v\u00ea com bons olhos o acontecido.<\/p>\n<p>J\u00e1 a Cemig enviou nota a Reda\u00e7\u00e3o do Portal esclarecendo que a instala\u00e7\u00e3o do poste foi \u00e0 solu\u00e7\u00e3o t\u00e9cnica encontrada para resolver uma situa\u00e7\u00e3o de risco. A nota diz tamb\u00e9m que na pr\u00f3xima semana, ser\u00e1 feito levantamento de dados para elabora\u00e7\u00e3o de projeto e or\u00e7amento, que ser\u00e3o apresentados \u00e0 Prefeitura Municipal.<\/p>\n<h4>Nota enviada pela Cemig<\/h4>\n<p><em>A Companhia Energ\u00e9tica de Minas Gerais (Cemig) esclarece que a instala\u00e7\u00e3o de um poste pr\u00f3ximo a Igreja S\u00e3o Jos\u00e9 em Minas Novas, foi \u00e0 solu\u00e7\u00e3o t\u00e9cnica encontrada para resolver uma situa\u00e7\u00e3o de risco.<\/p>\n<p>A Empresa informa tamb\u00e9m que realizou, nesta quinta-feira (15), uma reuni\u00e3o com representantes da Prefeitura Municipal e na pr\u00f3xima semana vai enviar uma equipe de t\u00e9cnicos ao local para levantar dados para a elabora\u00e7\u00e3o de projeto e or\u00e7amento que ser\u00e3o apresentados \u00e0 Prefeitura Municipal com o objetivo de viabilizar a realiza\u00e7\u00e3o da obra que trar\u00e1 uma solu\u00e7\u00e3o para o problema.<\/em><\/p>\n<h4>Of\u00edcio divulgado pela Secretaria de Cultura<\/h4>\n<p><img decoding=\"async\" src=\"http:\/\/www.folhadomucuri.com.br\/oficio_igreja_sao_jose.jpg\" alt=\"\" \/><\/p>\n","protected":false},"excerpt":{"rendered":"<p>Ap\u00f3s a manifesta\u00e7\u00e3o de internautas e publica\u00e7\u00e3o de not\u00edcia no Portal Aconteceu no Vale denunciando a descaracteriza\u00e7\u00e3o do cen\u00e1rio da Igreja S\u00e3o Jos\u00e9, na cidade hist\u00f3rica de Minas Novas, no Vale do Jequitinhonha, a Cemig e a Prefeitura Municipal, atrav\u00e9s da Secretaria de Cultura, est\u00e3o tomando provid\u00eancias para corre\u00e7\u00e3o da obra. Igreja S\u00e3o Jos\u00e9 &#8211; [&hellip;]<\/p>\n","protected":false},"author":1,"featured_media":50137,"comment_status":"open","ping_status":"closed","sticky":false,"template":"","format":"standard","meta":{"amp_status":"","footnotes":""},"categories":[120],"tags":[30077,30074,30073,1018,29885,30075,30076],"class_list":["post-50136","post","type-post","status-publish","format-standard","has-post-thumbnail","hentry","category-jequi","tag-adao-domingos-ramalho-coelho","tag-cemig-vai-realizar-estudo-para-retirada-do-poste-proximo-a-igreja-sao-jose","tag-cemig-vai-realizar-estudo-para-retirada-do-poste-proximo-a-igreja-sao-jose-em-minas-novas","tag-destaque","tag-igreja-sao-jose-em-minas-novas","tag-poste-proximo-a-igreja-sao-jose","tag-valdete-cordeiro-de-araujo"],"_links":{"self":[{"href":"https:\/\/aconteceunovale.com.br\/portal\/index.php?rest_route=\/wp\/v2\/posts\/50136","targetHints":{"allow":["GET"]}}],"collection":[{"href":"https:\/\/aconteceunovale.com.br\/portal\/index.php?rest_route=\/wp\/v2\/posts"}],"about":[{"href":"https:\/\/aconteceunovale.com.br\/portal\/index.php?rest_route=\/wp\/v2\/types\/post"}],"author":[{"embeddable":true,"href":"https:\/\/aconteceunovale.com.br\/portal\/index.php?rest_route=\/wp\/v2\/users\/1"}],"replies":[{"embeddable":true,"href":"https:\/\/aconteceunovale.com.br\/portal\/index.php?rest_route=%2Fwp%2Fv2%2Fcomments&post=50136"}],"version-history":[{"count":0,"href":"https:\/\/aconteceunovale.com.br\/portal\/index.php?rest_route=\/wp\/v2\/posts\/50136\/revisions"}],"wp:featuredmedia":[{"embeddable":true,"href":"https:\/\/aconteceunovale.com.br\/portal\/index.php?rest_route=\/wp\/v2\/media\/50137"}],"wp:attachment":[{"href":"https:\/\/aconteceunovale.com.br\/portal\/index.php?rest_route=%2Fwp%2Fv2%2Fmedia&parent=50136"}],"wp:term":[{"taxonomy":"category","embeddable":true,"href":"https:\/\/aconteceunovale.com.br\/portal\/index.php?rest_route=%2Fwp%2Fv2%2Fcategories&post=50136"},{"taxonomy":"post_tag","embeddable":true,"href":"https:\/\/aconteceunovale.com.br\/portal\/index.php?rest_route=%2Fwp%2Fv2%2Ftags&post=50136"}],"curies":[{"name":"wp","href":"https:\/\/api.w.org\/{rel}","templated":true}]}}