{"id":50117,"date":"2015-01-15T17:55:44","date_gmt":"2015-01-15T20:55:44","guid":{"rendered":"http:\/\/aconteceunovale.com.br\/portal\/?p=50117"},"modified":"2015-01-15T17:56:35","modified_gmt":"2015-01-15T20:56:35","slug":"matriz-nossa-senhora-da-conceicao-do-serro-sera-a-primeira-restaurada-pelo-pac-das-cidades-historicas","status":"publish","type":"post","link":"https:\/\/aconteceunovale.com.br\/portal\/?p=50117","title":{"rendered":"Matriz Nossa Senhora da Concei\u00e7\u00e3o do Serro ser\u00e1 a primeira restaurada pelo PAC das Cidades Hist\u00f3ricas"},"content":{"rendered":"<p>A Matriz Nossa Senhora da Concei\u00e7\u00e3o do Serro ser\u00e1 restaurada em breve, ao custo de R$ 71.644,65. De acordo com a prefeitura da cidade, o templo ser\u00e1 o primeiro a receber o aporte do PAC das Cidades Hist\u00f3ricas. <\/p>\n<p>Constru\u00edda em 1713, a igreja foi tombada pelo Instituto do Patrim\u00f4nio Hist\u00f3rico e Art\u00edstico Nacional (IPHAN) e \u00e9 refer\u00eancia em arte barroca.<\/p>\n<p><img decoding=\"async\" src=\"http:\/\/aconteceunovale.com.br\/portal\/wp-content\/uploads\/2015\/01\/matriz_serro_15_1.jpg\" alt=\"\" \/><em>Matriz Nossa Senhora da Concei\u00e7\u00e3o do Serro &#8211; Foto: Roberta Soriano \/ Reprodu\u00e7\u00e3o Panoramio<\/em><br \/>\n<\/br><\/p>\n<p>A obra, que ainda n\u00e3o tem data definida para come\u00e7ar, ser\u00e1 executada pela empresa Consmara Engenharia de Projetos Eireli, de Belo Horizonte, escolhida ao vencer processo de licita\u00e7\u00e3o. A empresa foi respons\u00e1vel pela restaura\u00e7\u00e3o da Igreja do Carmo, de Diamantina, e S\u00e3o Francisco, em S\u00e3o Jo\u00e3o Del Rei.<\/p>\n","protected":false},"excerpt":{"rendered":"<p>A Matriz Nossa Senhora da Concei\u00e7\u00e3o do Serro ser\u00e1 restaurada em breve, ao custo de R$ 71.644,65. De acordo com a prefeitura da cidade, o templo ser\u00e1 o primeiro a receber o aporte do PAC das Cidades Hist\u00f3ricas. Constru\u00edda em 1713, a igreja foi tombada pelo Instituto do Patrim\u00f4nio Hist\u00f3rico e Art\u00edstico Nacional (IPHAN) e [&hellip;]<\/p>\n","protected":false},"author":1,"featured_media":50118,"comment_status":"open","ping_status":"closed","sticky":false,"template":"","format":"standard","meta":{"amp_status":"","footnotes":""},"categories":[123],"tags":[30038,198,30039,30040,30041,30042,30043,154],"class_list":["post-50117","post","type-post","status-publish","format-standard","has-post-thumbnail","hentry","category-gerais","tag-consmara-engenharia-de-projetos-eireli","tag-diamantina","tag-igreja-do-carmo-de-diamantina","tag-igreja-sao-francisco-em-sao-joao-del-rei","tag-matriz-de-nossa-senhora-da-conceicao-do-serro","tag-matriz-nossa-senhora-da-conceicao-do-serro-sera-a-primeira-restaurada-pelo-pac-das-cidades-historicas","tag-pac-das-cidades-historicas","tag-serro"],"_links":{"self":[{"href":"https:\/\/aconteceunovale.com.br\/portal\/index.php?rest_route=\/wp\/v2\/posts\/50117","targetHints":{"allow":["GET"]}}],"collection":[{"href":"https:\/\/aconteceunovale.com.br\/portal\/index.php?rest_route=\/wp\/v2\/posts"}],"about":[{"href":"https:\/\/aconteceunovale.com.br\/portal\/index.php?rest_route=\/wp\/v2\/types\/post"}],"author":[{"embeddable":true,"href":"https:\/\/aconteceunovale.com.br\/portal\/index.php?rest_route=\/wp\/v2\/users\/1"}],"replies":[{"embeddable":true,"href":"https:\/\/aconteceunovale.com.br\/portal\/index.php?rest_route=%2Fwp%2Fv2%2Fcomments&post=50117"}],"version-history":[{"count":0,"href":"https:\/\/aconteceunovale.com.br\/portal\/index.php?rest_route=\/wp\/v2\/posts\/50117\/revisions"}],"wp:featuredmedia":[{"embeddable":true,"href":"https:\/\/aconteceunovale.com.br\/portal\/index.php?rest_route=\/wp\/v2\/media\/50118"}],"wp:attachment":[{"href":"https:\/\/aconteceunovale.com.br\/portal\/index.php?rest_route=%2Fwp%2Fv2%2Fmedia&parent=50117"}],"wp:term":[{"taxonomy":"category","embeddable":true,"href":"https:\/\/aconteceunovale.com.br\/portal\/index.php?rest_route=%2Fwp%2Fv2%2Fcategories&post=50117"},{"taxonomy":"post_tag","embeddable":true,"href":"https:\/\/aconteceunovale.com.br\/portal\/index.php?rest_route=%2Fwp%2Fv2%2Ftags&post=50117"}],"curies":[{"name":"wp","href":"https:\/\/api.w.org\/{rel}","templated":true}]}}