{"id":50106,"date":"2015-01-15T17:34:18","date_gmt":"2015-01-15T20:34:18","guid":{"rendered":"http:\/\/aconteceunovale.com.br\/portal\/?p=50106"},"modified":"2015-01-15T17:49:45","modified_gmt":"2015-01-15T20:49:45","slug":"policia-civil-de-minas-prende-quadrilha-especializada-em-roubo-de-cargas-de-plastico-e-aco","status":"publish","type":"post","link":"https:\/\/aconteceunovale.com.br\/portal\/?p=50106","title":{"rendered":"Pol\u00edcia Civil de Minas prende quadrilha especializada em roubo de cargas de pl\u00e1stico e a\u00e7o"},"content":{"rendered":"<h4><strong><em>Delegado informou que eles est\u00e3o envolvidos em pelo menos dez assaltos registrados nas rodovias 381 e 116. Quinteto vai responder por forma\u00e7\u00e3o de quadrilha, roubo e lavagem de dinheiro.<\/em><\/strong><\/h4>\n<p>A Pol\u00edcia Civil apresentou na manh\u00e3 desta quinta-feira (15), cinco homens suspeitos de integrar uma quadrilha especializada em furto e roubo de cargas de a\u00e7o, alum\u00ednio e polietileno na BR-381, pr\u00f3ximo a Contagem, na Grande BH e na BR-116, entre Minas e Esp\u00edrito Santo. Conforme a investiga\u00e7\u00e3o, eles s\u00e3o autores de ao menos dez roubos com preju\u00edzo estimado em aproximadamente R$ 2 milh\u00f5es. Eles v\u00e3o responder por forma\u00e7\u00e3o de quadrilha, roubo e lavagem de dinheiro. <\/p>\n<p><img decoding=\"async\" src=\"http:\/\/aconteceunovale.com.br\/portal\/wp-content\/uploads\/2015\/01\/quadrilha_cargas_mg.jpg\" alt=\"\" \/><em>Caminh\u00e3o roubado em Manhua\u00e7u foi recuperado em Jo\u00e3o Monlevade &#8211; Foto: Pol\u00edcia Civil \/ Divulga\u00e7\u00e3o<\/em><br \/>\n<\/br><\/p>\n<p>Conforme o delegado Marcus Vin\u00edcius, Wendel Fernando da Silva, 27 anos, e Felipe Frisso da Silva, 32, abordavam as v\u00edtimas. Al\u00e9m deles, Carlos Nascimento Gon\u00e7alves, guiava os caminh\u00f5es roubados, todos comandados por Ner Neves Junior, 50 anos. O \u00faltimo integrante apresentado \u00e9 Gilson Shammai Costa, 40, que fazia a intermedia\u00e7\u00e3o entre a quadrilha e os receptores das cargas.<\/p>\n<p>A investiga\u00e7\u00e3o da Pol\u00edcia Civil come\u00e7ou em agosto do ano passado, quando uma carga de a\u00e7o, avaliada em R$ 200 mil, foi roubada na BR-381, em Contagem. Ap\u00f3s levantamento, os policiais encontraram a carreta roubada em um galp\u00e3o, na cidade de Sete Lagoas. Em seguida, a carga foi localizada em poder de uma empresa de S\u00e3o Paulo. <\/p>\n<p>Durante o trabalho, a equipe policial tra\u00e7ou o perfil da quadrilha. Eles n\u00e3o s\u00e3o apontados como violentos e tinham como objetivo principal o roubo das cargas. Sempre agiam em postos de combust\u00edveis localizados \u00e0 beira das estradas, onde os caminhoneiros costumam descansar em pousadas ou parar para fazer refei\u00e7\u00f5es. Nestes locais, eles rendiam o motorista e o levavam para cativeiros escondidos em matas. Enquanto isso, outra parte do grupo fazia a venda da carga.<\/p>\n<p>A Pol\u00edcia Civil percebeu ent\u00e3o, que tratava-se de uma quadrilha interestadual, sendo que alguns integrantes eram do Esp\u00edrito Santo e contavam com um intermediador mineiro, neste caso, Gilson Costa. Eles distribu\u00edam os material roubado por Minas, Rio de Janeiro e S\u00e3o Paulo. Ainda conforme o delegado, entre os 10 roubos apurados pela pol\u00edcia, tr\u00eas chamam mais a aten\u00e7\u00e3o, os criminosos levaram 125, 200 e at\u00e9 400 toneladas de a\u00e7o ou alum\u00ednio. <\/p>\n<p>O grupo foi preso em flagrante na \u00faltima quinta-feira, depois de roubar uma carga de R$ 140 mil na BR-116, em Manhua\u00e7u, Regi\u00e3o da Zona da Mata. Eles venderiam a carga em Jo\u00e3o Monlevade, onde foram encontrados. Al\u00e9m deles, a pol\u00edcia apreendeu uma caminhonete L200 e um Toyota Corolla. Ainda de acordo com o delegado Marcus Vin\u00edcius, a investiga\u00e7\u00e3o continua, pois as empresas que recebiam o material roubado tamb\u00e9m podem responder por lavagem de dinheiro.<\/p>\n<p><strong><em>(Fonte: Estado de Minas)<\/em><\/strong><\/p>\n","protected":false},"excerpt":{"rendered":"<p>Delegado informou que eles est\u00e3o envolvidos em pelo menos dez assaltos registrados nas rodovias 381 e 116. Quinteto vai responder por forma\u00e7\u00e3o de quadrilha, roubo e lavagem de dinheiro. A Pol\u00edcia Civil apresentou na manh\u00e3 desta quinta-feira (15), cinco homens suspeitos de integrar uma quadrilha especializada em furto e roubo de cargas de a\u00e7o, alum\u00ednio [&hellip;]<\/p>\n","protected":false},"author":1,"featured_media":50107,"comment_status":"open","ping_status":"closed","sticky":false,"template":"","format":"standard","meta":{"amp_status":"","footnotes":""},"categories":[123],"tags":[194,30016,30015,30035,30034,30037,1102,209,30017,30036,30018,30033],"class_list":["post-50106","post","type-post","status-publish","format-standard","has-post-thumbnail","hentry","category-gerais","tag-belo-horizonte","tag-caminhao-roubado-em-manhuacu","tag-caminhao-roubado-em-manhuacu-foi-recuperado-em-joao-monlevade","tag-carlos-nascimento-goncalves","tag-felipe-frisso-da-silva","tag-gilson-shammai-costa","tag-joao-monlevade","tag-manhuacu","tag-marcus-vinicius-vieira","tag-ner-neves-junior","tag-policia-civil-de-minas-prende-quadrilha-especializada-em-roubo-de-cargas-de-plastico-e-aco","tag-wendel-fernando-da-silva"],"_links":{"self":[{"href":"https:\/\/aconteceunovale.com.br\/portal\/index.php?rest_route=\/wp\/v2\/posts\/50106","targetHints":{"allow":["GET"]}}],"collection":[{"href":"https:\/\/aconteceunovale.com.br\/portal\/index.php?rest_route=\/wp\/v2\/posts"}],"about":[{"href":"https:\/\/aconteceunovale.com.br\/portal\/index.php?rest_route=\/wp\/v2\/types\/post"}],"author":[{"embeddable":true,"href":"https:\/\/aconteceunovale.com.br\/portal\/index.php?rest_route=\/wp\/v2\/users\/1"}],"replies":[{"embeddable":true,"href":"https:\/\/aconteceunovale.com.br\/portal\/index.php?rest_route=%2Fwp%2Fv2%2Fcomments&post=50106"}],"version-history":[{"count":0,"href":"https:\/\/aconteceunovale.com.br\/portal\/index.php?rest_route=\/wp\/v2\/posts\/50106\/revisions"}],"wp:featuredmedia":[{"embeddable":true,"href":"https:\/\/aconteceunovale.com.br\/portal\/index.php?rest_route=\/wp\/v2\/media\/50107"}],"wp:attachment":[{"href":"https:\/\/aconteceunovale.com.br\/portal\/index.php?rest_route=%2Fwp%2Fv2%2Fmedia&parent=50106"}],"wp:term":[{"taxonomy":"category","embeddable":true,"href":"https:\/\/aconteceunovale.com.br\/portal\/index.php?rest_route=%2Fwp%2Fv2%2Fcategories&post=50106"},{"taxonomy":"post_tag","embeddable":true,"href":"https:\/\/aconteceunovale.com.br\/portal\/index.php?rest_route=%2Fwp%2Fv2%2Ftags&post=50106"}],"curies":[{"name":"wp","href":"https:\/\/api.w.org\/{rel}","templated":true}]}}