{"id":50096,"date":"2015-01-15T16:56:56","date_gmt":"2015-01-15T19:56:56","guid":{"rendered":"http:\/\/aconteceunovale.com.br\/portal\/?p=50096"},"modified":"2015-01-15T17:46:56","modified_gmt":"2015-01-15T20:46:56","slug":"estiagem-afeta-abastecimento-de-agua-em-uba","status":"publish","type":"post","link":"https:\/\/aconteceunovale.com.br\/portal\/?p=50096","title":{"rendered":"Estiagem afeta abastecimento de \u00e1gua em Ub\u00e1"},"content":{"rendered":"<h4><strong><em>Empresa alerta moradores para uso consciente de \u00e1gua. V\u00e1rios pontos da cidade j\u00e1 tem intermit\u00eancia no servi\u00e7o.<\/em><\/strong><\/h4>\n<p>Nesta quinta-feira (15), a Companhia de Saneamento de Minas Gerais (Copasa) informou que est\u00e1 fazendo manobras operacionais para garantir o abastecimento de \u00e1gua em Ub\u00e1, na Zona da Mata mineira, desde a quarta-feira (14). Essa n\u00e3o \u00e9 a primeira vez que a estiagem afeta o suprimento de \u00e1gua da cidade. No ano passado, as medidas tamb\u00e9m precisaram ser tomadas em setembro e outubro, quando os n\u00edveis dos c\u00f3rregos Miragaia e Peixoto Filho, nos quais \u00e9 feita a capta\u00e7\u00e3o, ficaram baixos. A t\u00e9cnica \u00e9 aplicada para evitar que seja feito o racionamento.<\/p>\n<p>Os bairros mais afetados s\u00e3o: Santa Bernadete, Santa Edwiges, San Raphael, Schiavon, S\u00e3o Domingos, Fazendinha, Santa Cruz, Pires da Luz, Derminas, Bom Pastor, S\u00e3o Sebasti\u00e3o, In\u00eas Groppo, Laurindo de Castro, Cidade Jardim, Colina Jardim Gl\u00f3ria, S\u00e3o Jo\u00e3o, Os\u00e9as Maranh\u00e3o, S\u00e3o Mateus, Vale do Ip\u00ea, Vila Flanel e Meu Sonho.<\/p>\n<p>Por meio de nota, a Copasa pediu a colabora\u00e7\u00e3o dos moradores do munic\u00edpio para evitar o desperd\u00edcio de \u00e1gua. Conforme a companhia, atitudes como lavar o carro com balde de \u00e1gua no lugar da mangueira; deixar a torneira fechada enquanto escova os dentes; tomar banhos r\u00e1pidos, suficientes para a higiene corporal; aguar plantas com regador; e n\u00e3o lavar o passeio com \u00e1gua tratada ajuda a economizar \u00e1gua. (Hoje em Dia)<\/p>\n","protected":false},"excerpt":{"rendered":"<p>Empresa alerta moradores para uso consciente de \u00e1gua. V\u00e1rios pontos da cidade j\u00e1 tem intermit\u00eancia no servi\u00e7o. Nesta quinta-feira (15), a Companhia de Saneamento de Minas Gerais (Copasa) informou que est\u00e1 fazendo manobras operacionais para garantir o abastecimento de \u00e1gua em Ub\u00e1, na Zona da Mata mineira, desde a quarta-feira (14). Essa n\u00e3o \u00e9 a [&hellip;]<\/p>\n","protected":false},"author":1,"featured_media":50097,"comment_status":"open","ping_status":"closed","sticky":false,"template":"","format":"standard","meta":{"amp_status":"","footnotes":""},"categories":[123],"tags":[27758,179,30001,30031,30032,219],"class_list":["post-50096","post","type-post","status-publish","format-standard","has-post-thumbnail","hentry","category-gerais","tag-companhia-de-saneamento-de-minas-gerais","tag-copasa","tag-estiagem-afeta-abastecimento-de-agua-em-uba","tag-falta-de-agua-em-uba","tag-racionamento-de-agua-em-uba","tag-uba"],"_links":{"self":[{"href":"https:\/\/aconteceunovale.com.br\/portal\/index.php?rest_route=\/wp\/v2\/posts\/50096","targetHints":{"allow":["GET"]}}],"collection":[{"href":"https:\/\/aconteceunovale.com.br\/portal\/index.php?rest_route=\/wp\/v2\/posts"}],"about":[{"href":"https:\/\/aconteceunovale.com.br\/portal\/index.php?rest_route=\/wp\/v2\/types\/post"}],"author":[{"embeddable":true,"href":"https:\/\/aconteceunovale.com.br\/portal\/index.php?rest_route=\/wp\/v2\/users\/1"}],"replies":[{"embeddable":true,"href":"https:\/\/aconteceunovale.com.br\/portal\/index.php?rest_route=%2Fwp%2Fv2%2Fcomments&post=50096"}],"version-history":[{"count":0,"href":"https:\/\/aconteceunovale.com.br\/portal\/index.php?rest_route=\/wp\/v2\/posts\/50096\/revisions"}],"wp:featuredmedia":[{"embeddable":true,"href":"https:\/\/aconteceunovale.com.br\/portal\/index.php?rest_route=\/wp\/v2\/media\/50097"}],"wp:attachment":[{"href":"https:\/\/aconteceunovale.com.br\/portal\/index.php?rest_route=%2Fwp%2Fv2%2Fmedia&parent=50096"}],"wp:term":[{"taxonomy":"category","embeddable":true,"href":"https:\/\/aconteceunovale.com.br\/portal\/index.php?rest_route=%2Fwp%2Fv2%2Fcategories&post=50096"},{"taxonomy":"post_tag","embeddable":true,"href":"https:\/\/aconteceunovale.com.br\/portal\/index.php?rest_route=%2Fwp%2Fv2%2Ftags&post=50096"}],"curies":[{"name":"wp","href":"https:\/\/api.w.org\/{rel}","templated":true}]}}