{"id":50087,"date":"2015-01-15T15:43:02","date_gmt":"2015-01-15T18:43:02","guid":{"rendered":"http:\/\/aconteceunovale.com.br\/portal\/?p=50087"},"modified":"2015-01-15T15:44:15","modified_gmt":"2015-01-15T18:44:15","slug":"sesc-de-almenara-suspende-atividades-por-tempo-indeterminado","status":"publish","type":"post","link":"https:\/\/aconteceunovale.com.br\/portal\/?p=50087","title":{"rendered":"Sesc de Almenara suspende atividades por tempo indeterminado"},"content":{"rendered":"<h4><strong><em>Engenheiros determinaram a interdi\u00e7\u00e3o total da ponte na \u00faltima ter\u00e7a-feira (13). Servi\u00e7os do Sesc foram suspensos por tempo indeterminado.<\/em><\/strong><\/h4>\n<p>A dire\u00e7\u00e3o do Sesc de Almenara divulgou nota nesta quinta-feira, 15 de janeiro, comunicando a suspens\u00e3o das atividades por tempo indeterminado devido a interdi\u00e7\u00e3o da Ponte sobre o Rio Jequitinhonha, \u00fanico meio de acesso ao Centro da cidade do Vale do Jequitinhonha. <\/p>\n<p>De acordo com a nota, de imediato, ficam canceladas as reservas de hospedagem, a utiliza\u00e7\u00e3o dos servi\u00e7os de lazer e tamb\u00e9m a realiza\u00e7\u00e3o das Minif\u00e9rias, que estavam previstas para o per\u00edodo entre 19 e 30 de janeiro.<\/p>\n<p>A prefeitura local est\u00e1 tomando as provid\u00eancias para apresentar uma alternativa de transporte \u00e0 popula\u00e7\u00e3o e, consequentemente, aos colaboradores do Sesc, uma vez que 85% deles residem de um lado da ponte; e a unidade est\u00e1 do outro.<\/p>\n<p>A dire\u00e7\u00e3o do Sesc, Lamenta os transtornos e a impossibilidade tempor\u00e1ria de continuar oferecendo os servi\u00e7os, situa\u00e7\u00e3o essa que \u00e9 alheia \u00e0 vontade da institui\u00e7\u00e3o. &#8220;Assim que houver possibilidade de retomada das atividades, informaremos prontamente.&#8221;, diz a nota.<\/p>\n<p>D\u00favidas em rela\u00e7\u00e3o ao funcionamento da unidade poder\u00e3o ser sanadas atrav\u00e9s dos telefones (33) 3721-9844 ou 9845.<\/p>\n<p><img decoding=\"async\" src=\"http:\/\/aconteceunovale.com.br\/portal\/wp-content\/uploads\/2015\/01\/sesc_almenara.jpg\" alt=\"\" \/><em>Atividades foram suspensas devido a interdi\u00e7\u00e3o da ponte de acesso ao Centro da cidade &#8211; Foto: Divulga\u00e7\u00e3o<\/em><br \/>\n<\/br><\/p>\n<h4>Sesc Almenara<\/h4>\n<p>O Sesc Pousada Almenara possui 52 chal\u00e9s, sendo dois para portadores de necessidades especiais. Todos possuem frigobar n\u00e3o abastecido, TV, ar condicionado e ventilador.<\/p>\n<p>O terreno ocupa \u00e1rea de 112.880 m\u00b2 e possui parques infantis, piscina adulto, piscina infantil, quadra de t\u00eanis, quadras poliesportivas, quiosques com churrasqueiras, restaurante, sal\u00e3o de conven\u00e7\u00f5es, sal\u00e3o social para 600 pessoas e varanda de jogos. A recep\u00e7\u00e3o da hospedagem funciona 24 horas e a pousada conta com estacionamento para h\u00f3spedes.<\/p>\n","protected":false},"excerpt":{"rendered":"<p>Engenheiros determinaram a interdi\u00e7\u00e3o total da ponte na \u00faltima ter\u00e7a-feira (13). Servi\u00e7os do Sesc foram suspensos por tempo indeterminado. A dire\u00e7\u00e3o do Sesc de Almenara divulgou nota nesta quinta-feira, 15 de janeiro, comunicando a suspens\u00e3o das atividades por tempo indeterminado devido a interdi\u00e7\u00e3o da Ponte sobre o Rio Jequitinhonha, \u00fanico meio de acesso ao Centro [&hellip;]<\/p>\n","protected":false},"author":1,"featured_media":50088,"comment_status":"open","ping_status":"closed","sticky":false,"template":"","format":"standard","meta":{"amp_status":"","footnotes":""},"categories":[120],"tags":[142,1333,29996,29995,29994,29993],"class_list":["post-50087","post","type-post","status-publish","format-standard","has-post-thumbnail","hentry","category-jequi","tag-almenara","tag-sesc-almenara","tag-sesc-de-almenara-suspende-atividades-por-tempo-indeterminado","tag-suspensao-das-atividades-do-sesc-almenara","tag-unidade-do-sesc-de-almenara","tag-unidade-do-sesc-de-almenara-suspende-atividades-por-tempo-indeterminado"],"_links":{"self":[{"href":"https:\/\/aconteceunovale.com.br\/portal\/index.php?rest_route=\/wp\/v2\/posts\/50087","targetHints":{"allow":["GET"]}}],"collection":[{"href":"https:\/\/aconteceunovale.com.br\/portal\/index.php?rest_route=\/wp\/v2\/posts"}],"about":[{"href":"https:\/\/aconteceunovale.com.br\/portal\/index.php?rest_route=\/wp\/v2\/types\/post"}],"author":[{"embeddable":true,"href":"https:\/\/aconteceunovale.com.br\/portal\/index.php?rest_route=\/wp\/v2\/users\/1"}],"replies":[{"embeddable":true,"href":"https:\/\/aconteceunovale.com.br\/portal\/index.php?rest_route=%2Fwp%2Fv2%2Fcomments&post=50087"}],"version-history":[{"count":0,"href":"https:\/\/aconteceunovale.com.br\/portal\/index.php?rest_route=\/wp\/v2\/posts\/50087\/revisions"}],"wp:featuredmedia":[{"embeddable":true,"href":"https:\/\/aconteceunovale.com.br\/portal\/index.php?rest_route=\/wp\/v2\/media\/50088"}],"wp:attachment":[{"href":"https:\/\/aconteceunovale.com.br\/portal\/index.php?rest_route=%2Fwp%2Fv2%2Fmedia&parent=50087"}],"wp:term":[{"taxonomy":"category","embeddable":true,"href":"https:\/\/aconteceunovale.com.br\/portal\/index.php?rest_route=%2Fwp%2Fv2%2Fcategories&post=50087"},{"taxonomy":"post_tag","embeddable":true,"href":"https:\/\/aconteceunovale.com.br\/portal\/index.php?rest_route=%2Fwp%2Fv2%2Ftags&post=50087"}],"curies":[{"name":"wp","href":"https:\/\/api.w.org\/{rel}","templated":true}]}}