{"id":50084,"date":"2015-01-15T15:25:50","date_gmt":"2015-01-15T18:25:50","guid":{"rendered":"http:\/\/aconteceunovale.com.br\/portal\/?p=50084"},"modified":"2015-01-15T15:25:50","modified_gmt":"2015-01-15T18:25:50","slug":"prefeitura-de-montes-claros-realiza-pregao-para-transporte-escolar","status":"publish","type":"post","link":"https:\/\/aconteceunovale.com.br\/portal\/?p=50084","title":{"rendered":"Prefeitura de Montes Claros realiza preg\u00e3o para transporte escolar"},"content":{"rendered":"<h4><strong><em>Preg\u00e3o escolher\u00e1 empresa respons\u00e1vel pelo transporte escolar rural. Processo ser\u00e1 realizado no dia 22 de janeiro, \u00e0s 9 horas.<\/em><\/strong><\/h4>\n<p>A Prefeitura de Montes Claros, atrav\u00e9s da Secretaria de Educa\u00e7\u00e3o, realizar\u00e1 no dia 22 de janeiro, quinta-feira, \u00e0s 9 horas, um preg\u00e3o para a escolha da empresa que ficar\u00e1 respons\u00e1vel pelo transporte escolar dos alunos da zona rural do munic\u00edpio. Existem atualmente 95 rotas de transporte escolar que atendem \u00e0s comunidades rurais, beneficiando 3.500 alunos matriculados na rede p\u00fablica de ensino.<\/p>\n<p>Segundo o diretor administrativo-financeiro da Secretaria de Educa\u00e7\u00e3o, Valdoir L\u00e1zaro Rosa, o edital determina que todos os ve\u00edculos dever\u00e3o ser identificados com a logomarca da Prefeitura e ser\u00e3o monitorados por GPS, tudo com o objetivo de garantir mais seguran\u00e7a e tranquilidade para os alunos transportados e seus respons\u00e1veis.<\/p>\n<p>A proposta e os documentos poder\u00e3o ser entregues pelo correio ou pessoalmente na prefeitura. A documenta\u00e7\u00e3o necess\u00e1ria e o recibo da retirada podem ser conferidos no edital do processo, disponibilizado na <a href=\"http:\/\/www.montesclaros.mg.gov.br\/central_compras\/paginas\/edital-pmmc_2015\/jan-15\/edital-pp-0249-14.pdf.\" target=\"_blank\">site da prefeitura<\/a>.<\/p>\n<p><img decoding=\"async\" src=\"http:\/\/aconteceunovale.com.br\/portal\/wp-content\/uploads\/2015\/01\/pregao_escolar_moc.jpg\" alt=\"\" \/><em>Ve\u00edculos ser\u00e3o monitorados por GPS para garantir seguran\u00e7a dos alunos (Foto: F\u00e1bio Mar\u00e7al)<\/em><\/p>\n","protected":false},"excerpt":{"rendered":"<p>Preg\u00e3o escolher\u00e1 empresa respons\u00e1vel pelo transporte escolar rural. Processo ser\u00e1 realizado no dia 22 de janeiro, \u00e0s 9 horas. A Prefeitura de Montes Claros, atrav\u00e9s da Secretaria de Educa\u00e7\u00e3o, realizar\u00e1 no dia 22 de janeiro, quinta-feira, \u00e0s 9 horas, um preg\u00e3o para a escolha da empresa que ficar\u00e1 respons\u00e1vel pelo transporte escolar dos alunos da [&hellip;]<\/p>\n","protected":false},"author":1,"featured_media":50085,"comment_status":"open","ping_status":"closed","sticky":false,"template":"","format":"standard","meta":{"amp_status":"","footnotes":""},"categories":[1236],"tags":[210,29990,29991,29992],"class_list":["post-50084","post","type-post","status-publish","format-standard","has-post-thumbnail","hentry","category-norte_de_minas","tag-montes-claros","tag-prefeitura-de-montes-claros-realiza-pregao-para-transporte-escolar","tag-pregao-para-transporte-escolar","tag-pregao-para-transporte-escolar-em-montes-claros"],"_links":{"self":[{"href":"https:\/\/aconteceunovale.com.br\/portal\/index.php?rest_route=\/wp\/v2\/posts\/50084","targetHints":{"allow":["GET"]}}],"collection":[{"href":"https:\/\/aconteceunovale.com.br\/portal\/index.php?rest_route=\/wp\/v2\/posts"}],"about":[{"href":"https:\/\/aconteceunovale.com.br\/portal\/index.php?rest_route=\/wp\/v2\/types\/post"}],"author":[{"embeddable":true,"href":"https:\/\/aconteceunovale.com.br\/portal\/index.php?rest_route=\/wp\/v2\/users\/1"}],"replies":[{"embeddable":true,"href":"https:\/\/aconteceunovale.com.br\/portal\/index.php?rest_route=%2Fwp%2Fv2%2Fcomments&post=50084"}],"version-history":[{"count":0,"href":"https:\/\/aconteceunovale.com.br\/portal\/index.php?rest_route=\/wp\/v2\/posts\/50084\/revisions"}],"wp:featuredmedia":[{"embeddable":true,"href":"https:\/\/aconteceunovale.com.br\/portal\/index.php?rest_route=\/wp\/v2\/media\/50085"}],"wp:attachment":[{"href":"https:\/\/aconteceunovale.com.br\/portal\/index.php?rest_route=%2Fwp%2Fv2%2Fmedia&parent=50084"}],"wp:term":[{"taxonomy":"category","embeddable":true,"href":"https:\/\/aconteceunovale.com.br\/portal\/index.php?rest_route=%2Fwp%2Fv2%2Fcategories&post=50084"},{"taxonomy":"post_tag","embeddable":true,"href":"https:\/\/aconteceunovale.com.br\/portal\/index.php?rest_route=%2Fwp%2Fv2%2Ftags&post=50084"}],"curies":[{"name":"wp","href":"https:\/\/api.w.org\/{rel}","templated":true}]}}