{"id":50078,"date":"2015-01-15T15:02:43","date_gmt":"2015-01-15T18:02:43","guid":{"rendered":"http:\/\/aconteceunovale.com.br\/portal\/?p=50078"},"modified":"2015-01-15T18:59:43","modified_gmt":"2015-01-15T21:59:43","slug":"policia-registra-o-primeiro-homicidio-de-2015-em-governador-valadares","status":"publish","type":"post","link":"https:\/\/aconteceunovale.com.br\/portal\/?p=50078","title":{"rendered":"Pol\u00edcia registra o primeiro homic\u00eddio de 2015 em Governador Valadares"},"content":{"rendered":"<h4><strong><em>Homem de 34 anos foi assassinado na regi\u00e3o central da cidade. Dois homens que foram vistos com a v\u00edtima s\u00e3o procurados pela Pol\u00edcia.<\/em><\/strong><\/h4>\n<p>A Pol\u00edcia Militar de Governador Valadares, no Leste de Minas, registrou na madrugada desta quinta-feira, 15 de janeiro, o primeiro crime de homic\u00eddio do ano 2015. O corpo de M\u00e1rcio de Souza Madureira, de 34 anos, foi encontrado na Rua B\u00e1rbara Heliodora, na regi\u00e3o Central da Cidade, com v\u00e1rias perfura\u00e7\u00f5es.<\/p>\n<p>De acordo com a Pol\u00edcia Militar, testemunhas relataram que dois rapazes estavam com a v\u00edtima, momentos antes do crime. Rastreamento foi iniciado com intuito de localizar os suspeitos, por\u00e9m sem \u00eaxito at\u00e9 o momento. (G1)<\/p>\n","protected":false},"excerpt":{"rendered":"<p>Homem de 34 anos foi assassinado na regi\u00e3o central da cidade. Dois homens que foram vistos com a v\u00edtima s\u00e3o procurados pela Pol\u00edcia. A Pol\u00edcia Militar de Governador Valadares, no Leste de Minas, registrou na madrugada desta quinta-feira, 15 de janeiro, o primeiro crime de homic\u00eddio do ano 2015. O corpo de M\u00e1rcio de Souza [&hellip;]<\/p>\n","protected":false},"author":1,"featured_media":47642,"comment_status":"open","ping_status":"closed","sticky":false,"template":"","format":"standard","meta":{"amp_status":"","footnotes":""},"categories":[121],"tags":[247,29985,29984,21863,4167,30068,29983],"class_list":["post-50078","post","type-post","status-publish","format-standard","has-post-thumbnail","hentry","category-leste","tag-governador-valadares","tag-homem-morto-na-barbara-heliodora-em-valadares","tag-homicidio-em-gv","tag-homicidio-em-valadares","tag-homicidios-em-governador-valadares","tag-marcio-de-souza-madureira","tag-policia-registra-o-primeiro-homicidio-de-2015-em-governador-valadares"],"_links":{"self":[{"href":"https:\/\/aconteceunovale.com.br\/portal\/index.php?rest_route=\/wp\/v2\/posts\/50078","targetHints":{"allow":["GET"]}}],"collection":[{"href":"https:\/\/aconteceunovale.com.br\/portal\/index.php?rest_route=\/wp\/v2\/posts"}],"about":[{"href":"https:\/\/aconteceunovale.com.br\/portal\/index.php?rest_route=\/wp\/v2\/types\/post"}],"author":[{"embeddable":true,"href":"https:\/\/aconteceunovale.com.br\/portal\/index.php?rest_route=\/wp\/v2\/users\/1"}],"replies":[{"embeddable":true,"href":"https:\/\/aconteceunovale.com.br\/portal\/index.php?rest_route=%2Fwp%2Fv2%2Fcomments&post=50078"}],"version-history":[{"count":0,"href":"https:\/\/aconteceunovale.com.br\/portal\/index.php?rest_route=\/wp\/v2\/posts\/50078\/revisions"}],"wp:featuredmedia":[{"embeddable":true,"href":"https:\/\/aconteceunovale.com.br\/portal\/index.php?rest_route=\/wp\/v2\/media\/47642"}],"wp:attachment":[{"href":"https:\/\/aconteceunovale.com.br\/portal\/index.php?rest_route=%2Fwp%2Fv2%2Fmedia&parent=50078"}],"wp:term":[{"taxonomy":"category","embeddable":true,"href":"https:\/\/aconteceunovale.com.br\/portal\/index.php?rest_route=%2Fwp%2Fv2%2Fcategories&post=50078"},{"taxonomy":"post_tag","embeddable":true,"href":"https:\/\/aconteceunovale.com.br\/portal\/index.php?rest_route=%2Fwp%2Fv2%2Ftags&post=50078"}],"curies":[{"name":"wp","href":"https:\/\/api.w.org\/{rel}","templated":true}]}}