{"id":50074,"date":"2015-01-15T14:06:46","date_gmt":"2015-01-15T17:06:46","guid":{"rendered":"http:\/\/aconteceunovale.com.br\/portal\/?p=50074"},"modified":"2015-01-15T14:06:46","modified_gmt":"2015-01-15T17:06:46","slug":"menor-e-apreendido-com-duas-armas-de-fogo-apos-tentativa-de-homicidio-em-pote","status":"publish","type":"post","link":"https:\/\/aconteceunovale.com.br\/portal\/?p=50074","title":{"rendered":"Menor \u00e9 apreendido com duas armas de fogo ap\u00f3s tentativa de homic\u00eddio em Pot\u00e9"},"content":{"rendered":"<h4><strong><em>Adolescente de 13 anos foi baleado nas costas e na cabe\u00e7a. Um dos suspeitos do crime, um menor de 17 anos, foi apreendido e confessou a a\u00e7\u00e3o delituosa.<\/em><\/strong><\/h4>\n<p>Um adolescente de 17 anos foi apreendido no final da noite dessa quarta-feira, 14 de janeiro, ap\u00f3s tentar matar outro adolescente, de 13 anos, em Pot\u00e9, no Vale do Mucuri. De acordo com a Pol\u00edcia Militar, por volta das 23h53, a corpora\u00e7\u00e3o foi acionada a comparecer no Hospital S\u00e3o Vicente de Paulo, onde a v\u00edtima P.C.A havia dado entrada com les\u00f5es provocadas por arma de fogo, sendo tr\u00eas perfura\u00e7\u00f5es nas costas e uma na cabe\u00e7a.<\/p>\n<p>Ainda segundo a PM, o menor relatou que estava em um bar na regi\u00e3o central da cidade, quando foi surpreendido por dois indiv\u00edduos, que efetuaram v\u00e1rios disparos de arma de fogo em sua dire\u00e7\u00e3o. O menor conseguiu evadir do local em dire\u00e7\u00e3o do hospital, sendo perseguido pelos autores, que inclusive atiraram em frente \u00e0 unidade de sa\u00fade, atingindo a parede pr\u00f3xima a porta da frente. <\/p>\n<p>A v\u00edtima informou que os autores seriam dois adolescentes moradores do bairro S\u00f3fia Colen. De imediato, os militares iniciaram rastreamento e deslocaram at\u00e9 a resid\u00eancia, onde possivelmente os autores estariam, por\u00e9m, quando perceberam a chegada da viatura, estes fugiram pelos fundos.<\/p>\n<p>Durante buscas na casa, os policiais encontraram um rev\u00f3lver calibre 38, desmuniciado, e uma garrucha dois canos, municiada com dois cartuchos calibre 38, sendo um picotado. Logo depois, um dos menores, apontado como autor da tentativa de homic\u00eddio, J.P.M.S, foi localizado. Ele alegou aos policias que estava sendo amea\u00e7ado pela v\u00edtima, e que por isso queria &#8220;acert\u00e1-lo&#8221;. <\/p>\n<p>O menor infrator disse tamb\u00e9m que as armas eram de sua propriedade e confirmou a participa\u00e7\u00e3o de um outro adolescente na a\u00e7\u00e3o delituosa. Diante do exposto, o menor infrator foi apreendido, e juntamente com as armas e muni\u00e7\u00f5es, foi encaminhado \u00e0 Depol de Plant\u00e3o em Te\u00f3filo Otoni para demais provid\u00eancias.<\/p>\n","protected":false},"excerpt":{"rendered":"<p>Adolescente de 13 anos foi baleado nas costas e na cabe\u00e7a. Um dos suspeitos do crime, um menor de 17 anos, foi apreendido e confessou a a\u00e7\u00e3o delituosa. Um adolescente de 17 anos foi apreendido no final da noite dessa quarta-feira, 14 de janeiro, ap\u00f3s tentar matar outro adolescente, de 13 anos, em Pot\u00e9, no [&hellip;]<\/p>\n","protected":false},"author":1,"featured_media":26977,"comment_status":"open","ping_status":"closed","sticky":false,"template":"","format":"standard","meta":{"amp_status":"","footnotes":""},"categories":[122],"tags":[29978,29976,29975,29977,3139],"class_list":["post-50074","post","type-post","status-publish","format-standard","has-post-thumbnail","hentry","category-mucuri","tag-joao-paulo-moreira-dos-santos","tag-menor-e-apreendido-com-duas-armas-de-fogo-apos-tentativa-de-homicidio-em-pote","tag-menor-e-apreendido-com-duas-armas-de-fogo-em-pote","tag-pablo-correa-alves","tag-pote"],"_links":{"self":[{"href":"https:\/\/aconteceunovale.com.br\/portal\/index.php?rest_route=\/wp\/v2\/posts\/50074","targetHints":{"allow":["GET"]}}],"collection":[{"href":"https:\/\/aconteceunovale.com.br\/portal\/index.php?rest_route=\/wp\/v2\/posts"}],"about":[{"href":"https:\/\/aconteceunovale.com.br\/portal\/index.php?rest_route=\/wp\/v2\/types\/post"}],"author":[{"embeddable":true,"href":"https:\/\/aconteceunovale.com.br\/portal\/index.php?rest_route=\/wp\/v2\/users\/1"}],"replies":[{"embeddable":true,"href":"https:\/\/aconteceunovale.com.br\/portal\/index.php?rest_route=%2Fwp%2Fv2%2Fcomments&post=50074"}],"version-history":[{"count":0,"href":"https:\/\/aconteceunovale.com.br\/portal\/index.php?rest_route=\/wp\/v2\/posts\/50074\/revisions"}],"wp:featuredmedia":[{"embeddable":true,"href":"https:\/\/aconteceunovale.com.br\/portal\/index.php?rest_route=\/wp\/v2\/media\/26977"}],"wp:attachment":[{"href":"https:\/\/aconteceunovale.com.br\/portal\/index.php?rest_route=%2Fwp%2Fv2%2Fmedia&parent=50074"}],"wp:term":[{"taxonomy":"category","embeddable":true,"href":"https:\/\/aconteceunovale.com.br\/portal\/index.php?rest_route=%2Fwp%2Fv2%2Fcategories&post=50074"},{"taxonomy":"post_tag","embeddable":true,"href":"https:\/\/aconteceunovale.com.br\/portal\/index.php?rest_route=%2Fwp%2Fv2%2Ftags&post=50074"}],"curies":[{"name":"wp","href":"https:\/\/api.w.org\/{rel}","templated":true}]}}