{"id":50044,"date":"2015-01-15T11:11:53","date_gmt":"2015-01-15T14:11:53","guid":{"rendered":"http:\/\/aconteceunovale.com.br\/portal\/?p=50044"},"modified":"2015-01-15T11:11:53","modified_gmt":"2015-01-15T14:11:53","slug":"homem-de-40-anos-e-assassinado-dentro-de-carro-em-montes-claros","status":"publish","type":"post","link":"https:\/\/aconteceunovale.com.br\/portal\/?p=50044","title":{"rendered":"Homem de 40 anos \u00e9 assassinado dentro de carro em Montes Claros"},"content":{"rendered":"<h4><strong><em>Duas pessoas chegaram em uma moto e atiraram contra a v\u00edtima. Motiva\u00e7\u00e3o \u00e9 desconhecida e ningu\u00e9m foi preso.<\/em><\/strong><\/h4>\n<p>Um homem de 40 anos foi morto a tiros na noite desta quarta-feira, 14 de janeiro, dentro de um carro no Bairro Vera Cruz, em Montes Claros, no Norte do Estado. Ele tinha tr\u00eas passagens pela pol\u00edcia, uma delas por tr\u00e1fico de drogas.<\/p>\n<p>Uma testemunha disse para a Pol\u00edcia Militar que conversava com a v\u00edtima, quando duas pessoas chegaram em uma moto. Uma delas desceu e atirou v\u00e1rias vezes, atingindo Carlos Eduardo Silva no rosto e axila. Em seguida, a dupla fugiu. Ainda de acordo com a PM, a testemunha n\u00e3o foi atingida porque saiu correndo em dire\u00e7\u00e3o a um bar.<\/p>\n<p>Moradores da regi\u00e3o afirmaram que o homem assassinado era amigo e trabalhava para um traficante, que est\u00e1 preso. A v\u00edtima havia retornado para Montes Claros no fim de 2014, depois de morar em S\u00e3o Paulo.<\/p>\n<p>A pol\u00edcia apreendeu R$ 1.232, de proced\u00eancia n\u00e3o divulgada, dentro do carro, al\u00e9m de celulares. C\u00e2meras de uma empresa registraram a a\u00e7\u00e3o dos criminosos, mas segundo a PM, as imagens n\u00e3o ficaram n\u00edtidas, impedindo que a dupla fosse reconhecida. Ningu\u00e9m foi preso e a motiva\u00e7\u00e3o do crime est\u00e1 sendo investigada.<\/p>\n<p><img decoding=\"async\" src=\"http:\/\/aconteceunovale.com.br\/portal\/wp-content\/uploads\/2015\/01\/homicidio_moc_15_1.jpg\" alt=\"\" \/><em>Homem foi morto a tiros no bairro Vera Cruz &#8211; Foto: Reprodu\u00e7\u00e3o\/WhatsApp<\/em><br \/>\n<\/br><\/p>\n<p><strong><em>(Inter TV Grande Minas)<\/em><\/strong><\/p>\n","protected":false},"excerpt":{"rendered":"<p>Duas pessoas chegaram em uma moto e atiraram contra a v\u00edtima. Motiva\u00e7\u00e3o \u00e9 desconhecida e ningu\u00e9m foi preso. Um homem de 40 anos foi morto a tiros na noite desta quarta-feira, 14 de janeiro, dentro de um carro no Bairro Vera Cruz, em Montes Claros, no Norte do Estado. Ele tinha tr\u00eas passagens pela pol\u00edcia, [&hellip;]<\/p>\n","protected":false},"author":1,"featured_media":50045,"comment_status":"open","ping_status":"closed","sticky":false,"template":"","format":"standard","meta":{"amp_status":"","footnotes":""},"categories":[1236],"tags":[29937,29938,29934,29936,29939,25220,210,29935],"class_list":["post-50044","post","type-post","status-publish","format-standard","has-post-thumbnail","hentry","category-norte_de_minas","tag-assassinado-em-montes-claros","tag-assassinado-no-bairro-vera-cruz-em-montes-claros","tag-carlos-eduardo-silva","tag-eduardo-papagaio","tag-homem-de-40-anos-e-assassinado-dentro-de-carro-em-montes-claros","tag-homicidio-em-montes-claros","tag-montes-claros","tag-morte-de-eduardo-papagaio"],"_links":{"self":[{"href":"https:\/\/aconteceunovale.com.br\/portal\/index.php?rest_route=\/wp\/v2\/posts\/50044","targetHints":{"allow":["GET"]}}],"collection":[{"href":"https:\/\/aconteceunovale.com.br\/portal\/index.php?rest_route=\/wp\/v2\/posts"}],"about":[{"href":"https:\/\/aconteceunovale.com.br\/portal\/index.php?rest_route=\/wp\/v2\/types\/post"}],"author":[{"embeddable":true,"href":"https:\/\/aconteceunovale.com.br\/portal\/index.php?rest_route=\/wp\/v2\/users\/1"}],"replies":[{"embeddable":true,"href":"https:\/\/aconteceunovale.com.br\/portal\/index.php?rest_route=%2Fwp%2Fv2%2Fcomments&post=50044"}],"version-history":[{"count":0,"href":"https:\/\/aconteceunovale.com.br\/portal\/index.php?rest_route=\/wp\/v2\/posts\/50044\/revisions"}],"wp:featuredmedia":[{"embeddable":true,"href":"https:\/\/aconteceunovale.com.br\/portal\/index.php?rest_route=\/wp\/v2\/media\/50045"}],"wp:attachment":[{"href":"https:\/\/aconteceunovale.com.br\/portal\/index.php?rest_route=%2Fwp%2Fv2%2Fmedia&parent=50044"}],"wp:term":[{"taxonomy":"category","embeddable":true,"href":"https:\/\/aconteceunovale.com.br\/portal\/index.php?rest_route=%2Fwp%2Fv2%2Fcategories&post=50044"},{"taxonomy":"post_tag","embeddable":true,"href":"https:\/\/aconteceunovale.com.br\/portal\/index.php?rest_route=%2Fwp%2Fv2%2Ftags&post=50044"}],"curies":[{"name":"wp","href":"https:\/\/api.w.org\/{rel}","templated":true}]}}