{"id":50042,"date":"2015-01-15T10:33:21","date_gmt":"2015-01-15T13:33:21","guid":{"rendered":"http:\/\/aconteceunovale.com.br\/portal\/?p=50042"},"modified":"2015-01-15T10:33:42","modified_gmt":"2015-01-15T13:33:42","slug":"previsao-do-tempo-para-minas-gerais-nesta-quinta-feira-15-de-janeiro","status":"publish","type":"post","link":"https:\/\/aconteceunovale.com.br\/portal\/?p=50042","title":{"rendered":"Previs\u00e3o do tempo para Minas Gerais nesta quinta-feira, 15 de janeiro"},"content":{"rendered":"<h4><em><strong>A umidade relativa do ar oscila abaixo de 30% \u00e0 tarde nas por\u00e7\u00f5es Central e Oeste do Estado<\/strong><\/em><\/h4>\n<p>Nesta quinta-feira, o tempo segue est\u00e1vel na maior parte de Minas Gerais, mesmo com o ligeiro enfraquecimento da massa de ar quente e seco. Previs\u00e3o de pancadas de chuva isoladas no Tri\u00e2ngulo, Sul e Zona da Mata. Nas mesorregi\u00f5es Noroeste, Oeste, Metropolitana de Belo Horizonte e Vale do Rio Doce, h\u00e1 possibilidade remota de chuvas r\u00e1pidas t\u00edpicas de ver\u00e3o. <\/p>\n<p>As temperaturas permanecem elevadas e a m\u00e1xima pode superar os 36\u00b0C no Tri\u00e2ngulo Mineiro. A umidade oscila abaixo de 30% \u00e0 tarde nas por\u00e7\u00f5es Central e Oeste do Estado. Em Belo Horizonte, o dia ser\u00e1 de predom\u00ednio de sol e poucas nuvens. As temperaturas oscilam entre 18\u00b0C e 32\u00b0C.<\/p>\n","protected":false},"excerpt":{"rendered":"<p>A umidade relativa do ar oscila abaixo de 30% \u00e0 tarde nas por\u00e7\u00f5es Central e Oeste do Estado Nesta quinta-feira, o tempo segue est\u00e1vel na maior parte de Minas Gerais, mesmo com o ligeiro enfraquecimento da massa de ar quente e seco. Previs\u00e3o de pancadas de chuva isoladas no Tri\u00e2ngulo, Sul e Zona da Mata. [&hellip;]<\/p>\n","protected":false},"author":1,"featured_media":15765,"comment_status":"open","ping_status":"closed","sticky":false,"template":"","format":"standard","meta":{"amp_status":"","footnotes":""},"categories":[123],"tags":[29933,27335,1839,29257,29932,27079],"class_list":["post-50042","post","type-post","status-publish","format-standard","has-post-thumbnail","hentry","category-gerais","tag-previsao-do-temp","tag-previsao-do-tempo-para-a-regiao-central-de-minas","tag-previsao-do-tempo-para-minas-gerais","tag-previsao-do-tempo-para-minas-gerais-nesta-quinta-feira","tag-previsao-do-tempo-para-minas-gerais-nesta-quinta-feira-15-de-janeiro","tag-previsao-do-tempo-para-o-oeste-de-minas"],"_links":{"self":[{"href":"https:\/\/aconteceunovale.com.br\/portal\/index.php?rest_route=\/wp\/v2\/posts\/50042","targetHints":{"allow":["GET"]}}],"collection":[{"href":"https:\/\/aconteceunovale.com.br\/portal\/index.php?rest_route=\/wp\/v2\/posts"}],"about":[{"href":"https:\/\/aconteceunovale.com.br\/portal\/index.php?rest_route=\/wp\/v2\/types\/post"}],"author":[{"embeddable":true,"href":"https:\/\/aconteceunovale.com.br\/portal\/index.php?rest_route=\/wp\/v2\/users\/1"}],"replies":[{"embeddable":true,"href":"https:\/\/aconteceunovale.com.br\/portal\/index.php?rest_route=%2Fwp%2Fv2%2Fcomments&post=50042"}],"version-history":[{"count":0,"href":"https:\/\/aconteceunovale.com.br\/portal\/index.php?rest_route=\/wp\/v2\/posts\/50042\/revisions"}],"wp:featuredmedia":[{"embeddable":true,"href":"https:\/\/aconteceunovale.com.br\/portal\/index.php?rest_route=\/wp\/v2\/media\/15765"}],"wp:attachment":[{"href":"https:\/\/aconteceunovale.com.br\/portal\/index.php?rest_route=%2Fwp%2Fv2%2Fmedia&parent=50042"}],"wp:term":[{"taxonomy":"category","embeddable":true,"href":"https:\/\/aconteceunovale.com.br\/portal\/index.php?rest_route=%2Fwp%2Fv2%2Fcategories&post=50042"},{"taxonomy":"post_tag","embeddable":true,"href":"https:\/\/aconteceunovale.com.br\/portal\/index.php?rest_route=%2Fwp%2Fv2%2Ftags&post=50042"}],"curies":[{"name":"wp","href":"https:\/\/api.w.org\/{rel}","templated":true}]}}