{"id":50040,"date":"2015-01-15T10:30:38","date_gmt":"2015-01-15T13:30:38","guid":{"rendered":"http:\/\/aconteceunovale.com.br\/portal\/?p=50040"},"modified":"2015-01-15T10:30:38","modified_gmt":"2015-01-15T13:30:38","slug":"plantao-do-samu-no-norte-de-minas-gerais-14-de-janeiro-de-2015","status":"publish","type":"post","link":"https:\/\/aconteceunovale.com.br\/portal\/?p=50040","title":{"rendered":"Plant\u00e3o do Samu no Norte de Minas Gerais &#8211; 14 de janeiro de 2015"},"content":{"rendered":"<h4><strong><em>Quarta-feira, 14 de janeiro de 2015<\/em><\/strong><\/h4>\n<p>A unidade do SAMU de Montes Claros realizou na quarta-feira, 14\/01, 39 atendimentos, sendo 30 casos cl\u00ednicos, 5 em decorr\u00eancia de acidentes de tr\u00e2nsito; 01 por ferimento por arma de fogo; uma gestante em trabalho de parto; 01 por agress\u00e3o f\u00edsica; e 01 por queimadura.<\/p>\n<p>Na madrugada de quarta para quinta-feira, a unidade do SAMU foi acionada para atendimento a uma mulher de 21 anos, no bairro Santa Laura, que sofreu queimadura com \u00e1gua quente, e a um homem de 35 anos que ficou ferido ap\u00f3s colidir de moto contra um carro na Rua Engenheiro Jo\u00e3o Ant\u00f4nio Pimenta, regi\u00e3o central de Montes Claros.<\/p>\n<p>Por volta das 20h40, um homem de cerca de 35 anos foi ferido fatalmente por arma de fogo na Rua Nossa Senhora da Vit\u00f3ria, bairro Vera Cruz.<\/p>\n<p>\u00c0s 20h14, a unidade do Samu foi acionada na sa\u00edda de Montes Claros para Francisco S\u00e1, para atendimento a um homem de 59 anos que sofreu agress\u00e3o f\u00edsica. Ele estava gravemente ferido na cabe\u00e7a, com rebaixamento do n\u00edvel de consci\u00eancia.<\/p>\n<p>Por volta das 19 horas, duas pessoas que ficaram feridas em um acidente ocorrido na estrada entre Montes Claros e Glaucil\u00e2ndia. O condutor do ve\u00edculo, de 48 anos, teria perdido o controle do ve\u00edculo e sa\u00eddo da pista, colidindo contra o acostamento. Ele n\u00e3o usava cinto de seguran\u00e7a e ficou ferido na cabe\u00e7a. Uma jovem de 17 anos, que tamb\u00e9m estava no ve\u00edculo, sem cinto de seguran\u00e7a, se queixava de dor de cabe\u00e7a e apresentava escoria\u00e7\u00f5es e quadro de amn\u00e9sia.<\/p>\n<p>Por volta das 17h40, a unidade do SAMU foi acionada para atendimento a um homem de 19 anos, que ficou ferido ap\u00f3s colidir de moto contra um carro no bairro Santa L\u00facia, pr\u00f3ximo ao c\u00f3rrego das Melancias.  Ele foi encontrado pelos socorristas deitado ao solo, consciente e orientado, apresentando sinais de fratura em f\u00eamur esquerdo.<\/p>\n<p>\u00c0s 15 horas, um homem de 51 anos ficou ferido em um acidente envolvendo dois carros que colidiram na Avenida Castelar Prates, bairro Major Prates. Ele conduzia um dos carros e se queixava de dor na regi\u00e3o tor\u00e1cica.<\/p>\n<p>Em todas as ocorr\u00eancias os feridos receberam os primeiros atendimentos no local e foram encaminhados ao hospital para avalia\u00e7\u00e3o.<\/p>\n","protected":false},"excerpt":{"rendered":"<p>Quarta-feira, 14 de janeiro de 2015 A unidade do SAMU de Montes Claros realizou na quarta-feira, 14\/01, 39 atendimentos, sendo 30 casos cl\u00ednicos, 5 em decorr\u00eancia de acidentes de tr\u00e2nsito; 01 por ferimento por arma de fogo; uma gestante em trabalho de parto; 01 por agress\u00e3o f\u00edsica; e 01 por queimadura. Na madrugada de quarta [&hellip;]<\/p>\n","protected":false},"author":1,"featured_media":46383,"comment_status":"open","ping_status":"closed","sticky":false,"template":"","format":"standard","meta":{"amp_status":"","footnotes":""},"categories":[1236],"tags":[210,24659,24089,18898,18108,29931,18629,21139,4040],"class_list":["post-50040","post","type-post","status-publish","format-standard","has-post-thumbnail","hentry","category-norte_de_minas","tag-montes-claros","tag-plantao-do-samu-de-montes-claros","tag-plantao-do-samu-do-norte-de-minas","tag-plantao-do-samu-macro-norte","tag-plantao-do-samu-no-norte-de-minas-gerais","tag-plantao-do-samu-no-norte-de-minas-gerais-14-de-janeiro-de-2015","tag-samu-de-montes-claros","tag-samu-do-norte-de-minas","tag-samu-macro-norte"],"_links":{"self":[{"href":"https:\/\/aconteceunovale.com.br\/portal\/index.php?rest_route=\/wp\/v2\/posts\/50040","targetHints":{"allow":["GET"]}}],"collection":[{"href":"https:\/\/aconteceunovale.com.br\/portal\/index.php?rest_route=\/wp\/v2\/posts"}],"about":[{"href":"https:\/\/aconteceunovale.com.br\/portal\/index.php?rest_route=\/wp\/v2\/types\/post"}],"author":[{"embeddable":true,"href":"https:\/\/aconteceunovale.com.br\/portal\/index.php?rest_route=\/wp\/v2\/users\/1"}],"replies":[{"embeddable":true,"href":"https:\/\/aconteceunovale.com.br\/portal\/index.php?rest_route=%2Fwp%2Fv2%2Fcomments&post=50040"}],"version-history":[{"count":0,"href":"https:\/\/aconteceunovale.com.br\/portal\/index.php?rest_route=\/wp\/v2\/posts\/50040\/revisions"}],"wp:featuredmedia":[{"embeddable":true,"href":"https:\/\/aconteceunovale.com.br\/portal\/index.php?rest_route=\/wp\/v2\/media\/46383"}],"wp:attachment":[{"href":"https:\/\/aconteceunovale.com.br\/portal\/index.php?rest_route=%2Fwp%2Fv2%2Fmedia&parent=50040"}],"wp:term":[{"taxonomy":"category","embeddable":true,"href":"https:\/\/aconteceunovale.com.br\/portal\/index.php?rest_route=%2Fwp%2Fv2%2Fcategories&post=50040"},{"taxonomy":"post_tag","embeddable":true,"href":"https:\/\/aconteceunovale.com.br\/portal\/index.php?rest_route=%2Fwp%2Fv2%2Ftags&post=50040"}],"curies":[{"name":"wp","href":"https:\/\/api.w.org\/{rel}","templated":true}]}}