{"id":50027,"date":"2015-01-14T19:51:49","date_gmt":"2015-01-14T22:51:49","guid":{"rendered":"http:\/\/aconteceunovale.com.br\/portal\/?p=50027"},"modified":"2015-01-14T19:52:09","modified_gmt":"2015-01-14T22:52:09","slug":"usuarios-do-aeroporto-de-almenara-precisam-pular-o-muro-para-fazer-embarque","status":"publish","type":"post","link":"https:\/\/aconteceunovale.com.br\/portal\/?p=50027","title":{"rendered":"Usu\u00e1rios do aeroporto de Almenara precisam pular o muro para fazer embarque"},"content":{"rendered":"<h4><strong><em>Cena inusitada foi registrada por internautas. Aeroporto \u00e9 p\u00fablico e apto a operar em condi\u00e7\u00f5es visuais diurnas.<\/em><\/strong><\/h4>\n<p>Entregue recentemente a popula\u00e7\u00e3o de Almenara, no Vale do Jequitinhonha, o Aeroporto Cirilo Queiroz, passou por reformas com investimento da ordem de 3,7 milh\u00f5es de reais, onde recebeu melhorias no pavimento de pista, terminal de passageiros e balizamento noturno.<\/p>\n<p>Na manh\u00e3 de hoje (14), pilotos questionaram a falta de funcion\u00e1rios para opera\u00e7\u00e3o do aer\u00f3dromo. Para embarcar em um voo particular, um casal com uma crian\u00e7a de colo, tiveram que pular o muro para acessar o p\u00e1tio do aeroporto. A cena inusitada foi registrada por internautas e enviada a nossa reda\u00e7\u00e3o.<\/p>\n<p>Em consulta ao Departamento de Controle do Espa\u00e7o A\u00e9reo (DECEA), o aer\u00f3dromo de Almenara \u00e9 classificado como publico e apto a operar em condi\u00e7\u00f5es visuais diurnas. Os respons\u00e1veis pelo aer\u00f3dromo ainda n\u00e3o se manifestaram sobre o caso.<\/p>\n<p><img decoding=\"async\" src=\"http:\/\/aconteceunovale.com.br\/portal\/wp-content\/uploads\/2015\/01\/aeroporto_almenara_usuarios.jpg\" alt=\"\" \/><em>Cena foi registrada por internautas e enviadas a nossa reda\u00e7\u00e3o<\/em><br \/>\n<\/br><\/p>\n<p><strong><em>(Revista Philad\u00e9lfia)<\/em><\/strong><\/p>\n","protected":false},"excerpt":{"rendered":"<p>Cena inusitada foi registrada por internautas. Aeroporto \u00e9 p\u00fablico e apto a operar em condi\u00e7\u00f5es visuais diurnas. Entregue recentemente a popula\u00e7\u00e3o de Almenara, no Vale do Jequitinhonha, o Aeroporto Cirilo Queiroz, passou por reformas com investimento da ordem de 3,7 milh\u00f5es de reais, onde recebeu melhorias no pavimento de pista, terminal de passageiros e balizamento [&hellip;]<\/p>\n","protected":false},"author":1,"featured_media":50028,"comment_status":"open","ping_status":"closed","sticky":false,"template":"","format":"standard","meta":{"amp_status":"","footnotes":""},"categories":[120],"tags":[29911,29912,5768,142,29910],"class_list":["post-50027","post","type-post","status-publish","format-standard","has-post-thumbnail","hentry","category-jequi","tag-aeroporto-cirilo-queiroz","tag-aeroporto-cirilo-queiroz-almenara","tag-aeroporto-de-almenara","tag-almenara","tag-usuarios-do-aeroporto-de-almenara-precisam-pular-o-muro-para-fazer-embarque"],"_links":{"self":[{"href":"https:\/\/aconteceunovale.com.br\/portal\/index.php?rest_route=\/wp\/v2\/posts\/50027","targetHints":{"allow":["GET"]}}],"collection":[{"href":"https:\/\/aconteceunovale.com.br\/portal\/index.php?rest_route=\/wp\/v2\/posts"}],"about":[{"href":"https:\/\/aconteceunovale.com.br\/portal\/index.php?rest_route=\/wp\/v2\/types\/post"}],"author":[{"embeddable":true,"href":"https:\/\/aconteceunovale.com.br\/portal\/index.php?rest_route=\/wp\/v2\/users\/1"}],"replies":[{"embeddable":true,"href":"https:\/\/aconteceunovale.com.br\/portal\/index.php?rest_route=%2Fwp%2Fv2%2Fcomments&post=50027"}],"version-history":[{"count":0,"href":"https:\/\/aconteceunovale.com.br\/portal\/index.php?rest_route=\/wp\/v2\/posts\/50027\/revisions"}],"wp:featuredmedia":[{"embeddable":true,"href":"https:\/\/aconteceunovale.com.br\/portal\/index.php?rest_route=\/wp\/v2\/media\/50028"}],"wp:attachment":[{"href":"https:\/\/aconteceunovale.com.br\/portal\/index.php?rest_route=%2Fwp%2Fv2%2Fmedia&parent=50027"}],"wp:term":[{"taxonomy":"category","embeddable":true,"href":"https:\/\/aconteceunovale.com.br\/portal\/index.php?rest_route=%2Fwp%2Fv2%2Fcategories&post=50027"},{"taxonomy":"post_tag","embeddable":true,"href":"https:\/\/aconteceunovale.com.br\/portal\/index.php?rest_route=%2Fwp%2Fv2%2Ftags&post=50027"}],"curies":[{"name":"wp","href":"https:\/\/api.w.org\/{rel}","templated":true}]}}