{"id":50024,"date":"2015-01-14T19:20:33","date_gmt":"2015-01-14T22:20:33","guid":{"rendered":"http:\/\/aconteceunovale.com.br\/portal\/?p=50024"},"modified":"2015-01-14T19:20:33","modified_gmt":"2015-01-14T22:20:33","slug":"dez-armas-de-fogo-sao-apreendidas-em-montes-claros","status":"publish","type":"post","link":"https:\/\/aconteceunovale.com.br\/portal\/?p=50024","title":{"rendered":"Dez armas de fogo s\u00e3o apreendidas em Montes Claros"},"content":{"rendered":"<h4><strong><em>Suspeito j\u00e1 estava sendo monitorado h\u00e1 alguns dias. PM ainda n\u00e3o sabe a origem das armas.<\/em><\/strong><\/h4>\n<p>Um homem de 35 anos foi preso nesta quarta-feira (14) no bairro Confer\u00eancia Cristo Rei, em Montes Claros (MG), por posse ilegal de armas. Com o suspeito a Pol\u00edcia Militar apreendeu 10 armas de fogo.<\/p>\n<p>Segundo o Tenente Roger Mendes, o indiv\u00edduo j\u00e1 estava sendo monitorado. \u201cRecebemos uma den\u00fancia an\u00f4nima e passamos a fazer monitora\u00e7\u00e3o. Havia um grande fluxo de gente entrando e saindo do local, o que aumentaram as suspeitas\u201d, afirma.<\/p>\n<p>Ainda de acordo com o militar, n\u00e3o h\u00e1 ind\u00edcios de outras pessoas envolvidas. &#8220;At\u00e9 ent\u00e3o ele \u00e9 o \u00fanico suspeito. N\u00e3o temos informa\u00e7\u00f5es de outros envolvidos&#8221;, esclarece.<\/p>\n<p>Ainda segundo a PM, a origem das armas ainda \u00e9 desconhecida. O suspeito foi encaminhado a delegacia da cidade.<\/p>\n<p><img decoding=\"async\" src=\"http:\/\/aconteceunovale.com.br\/portal\/wp-content\/uploads\/2015\/01\/armas_moc_14_1.jpg\" alt=\"\" \/><em>PM apreende 10 armas de fogo no bairro Confer\u00eancia Cristo Rei (Foto: Divulga\u00e7\u00e3o PMMG)<\/em><br \/>\n<\/br><\/p>\n<p><strong><em>(Inter TV Grande Minas)<\/em><\/strong><\/p>\n","protected":false},"excerpt":{"rendered":"<p>Suspeito j\u00e1 estava sendo monitorado h\u00e1 alguns dias. PM ainda n\u00e3o sabe a origem das armas. Um homem de 35 anos foi preso nesta quarta-feira (14) no bairro Confer\u00eancia Cristo Rei, em Montes Claros (MG), por posse ilegal de armas. Com o suspeito a Pol\u00edcia Militar apreendeu 10 armas de fogo. Segundo o Tenente Roger [&hellip;]<\/p>\n","protected":false},"author":1,"featured_media":50025,"comment_status":"open","ping_status":"closed","sticky":false,"template":"","format":"standard","meta":{"amp_status":"","footnotes":""},"categories":[1236],"tags":[29909,29908,210],"class_list":["post-50024","post","type-post","status-publish","format-standard","has-post-thumbnail","hentry","category-norte_de_minas","tag-armas-apreedidas-no-bairro-conferencia-cristo-rei","tag-dez-armas-de-fogo-sao-apreendidas-em-montes-claros","tag-montes-claros"],"_links":{"self":[{"href":"https:\/\/aconteceunovale.com.br\/portal\/index.php?rest_route=\/wp\/v2\/posts\/50024","targetHints":{"allow":["GET"]}}],"collection":[{"href":"https:\/\/aconteceunovale.com.br\/portal\/index.php?rest_route=\/wp\/v2\/posts"}],"about":[{"href":"https:\/\/aconteceunovale.com.br\/portal\/index.php?rest_route=\/wp\/v2\/types\/post"}],"author":[{"embeddable":true,"href":"https:\/\/aconteceunovale.com.br\/portal\/index.php?rest_route=\/wp\/v2\/users\/1"}],"replies":[{"embeddable":true,"href":"https:\/\/aconteceunovale.com.br\/portal\/index.php?rest_route=%2Fwp%2Fv2%2Fcomments&post=50024"}],"version-history":[{"count":0,"href":"https:\/\/aconteceunovale.com.br\/portal\/index.php?rest_route=\/wp\/v2\/posts\/50024\/revisions"}],"wp:featuredmedia":[{"embeddable":true,"href":"https:\/\/aconteceunovale.com.br\/portal\/index.php?rest_route=\/wp\/v2\/media\/50025"}],"wp:attachment":[{"href":"https:\/\/aconteceunovale.com.br\/portal\/index.php?rest_route=%2Fwp%2Fv2%2Fmedia&parent=50024"}],"wp:term":[{"taxonomy":"category","embeddable":true,"href":"https:\/\/aconteceunovale.com.br\/portal\/index.php?rest_route=%2Fwp%2Fv2%2Fcategories&post=50024"},{"taxonomy":"post_tag","embeddable":true,"href":"https:\/\/aconteceunovale.com.br\/portal\/index.php?rest_route=%2Fwp%2Fv2%2Ftags&post=50024"}],"curies":[{"name":"wp","href":"https:\/\/api.w.org\/{rel}","templated":true}]}}