{"id":50009,"date":"2015-01-14T18:29:54","date_gmt":"2015-01-14T21:29:54","guid":{"rendered":"http:\/\/aconteceunovale.com.br\/portal\/?p=50009"},"modified":"2015-01-14T18:29:54","modified_gmt":"2015-01-14T21:29:54","slug":"contribuintes-que-pagarem-o-ipva-a-vista-terao-3-de-desconto-em-minas-gerais","status":"publish","type":"post","link":"https:\/\/aconteceunovale.com.br\/portal\/?p=50009","title":{"rendered":"Contribuintes que pagarem o IPVA \u00e0 vista ter\u00e3o 3% de desconto em Minas Gerais"},"content":{"rendered":"<h4><strong><em>Fazenda prev\u00ea arrecada\u00e7\u00e3o de R$ 3,86 bilh\u00f5es; recursos ser\u00e3o aplicados pelo governo em \u00e1reas como infraestrutura, sa\u00fade e educa\u00e7\u00e3o.<\/em><\/strong><\/h4>\n<p>Os contribuintes que quitarem a parcela \u00fanica do Imposto Sobre Propriedade de Ve\u00edculos Automotores (IPVA) de 2015 ter\u00e3o desconto de 3% sobre o valor total. O pagamento \u00e0 vista ou parcelado ter\u00e1 in\u00edcio na pr\u00f3xima segunda-feira (19\/01), a partir das placas com o final 1 (ver tabelas). Em 2015, o IPVA teve redu\u00e7\u00e3o m\u00e9dia de 3,73% em compara\u00e7\u00e3o ao ano passado.<\/p>\n<p>O contribuinte tamb\u00e9m pode parcelar o pagamento do imposto em tr\u00eas vezes, com vencimentos em janeiro, fevereiro e mar\u00e7o. A tabela foi publicada no di\u00e1rio eletr\u00f4nico da Secretaria de Estado de Fazenda de Minas Gerais (SEF) no endere\u00e7o: <a href=\"http:\/\/diarioeletronico.fazenda.mg.gov.br\" target=\"_blank\">http:\/\/diarioeletronico.fazenda.mg.gov.br<\/a>.<\/p>\n<p>A expectativa \u00e9 de que o Estado arrecade R$ 3,86 bilh\u00f5es com o imposto, um aumento de 13,53% no valor emitido em 2014. Dos recursos arrecadados, 40% v\u00e3o para o Estado e s\u00e3o aplicados em pol\u00edticas de governo em \u00e1reas como educa\u00e7\u00e3o, infraestrutura e sa\u00fade. Outros 40% v\u00e3o para o munic\u00edpio de emplacamento do ve\u00edculo e 20% para o Fundo de Manuten\u00e7\u00e3o e Desenvolvimento da Educa\u00e7\u00e3o B\u00e1sica e Valoriza\u00e7\u00e3o dos Profissionais da Educa\u00e7\u00e3o (Fundeb).<\/p>\n<p>A proje\u00e7\u00e3o do valor do IPVA foi feita pelos t\u00e9cnicos da Secretaria de Estado de Fazenda, com base em pesquisa de mercado da Funda\u00e7\u00e3o Instituto de Pesquisas Econ\u00f4micas (FIPE), do Departamento de Economia da Faculdade de Economia, Administra\u00e7\u00e3o e Contabilidade da Universidade de S\u00e3o Paulo. O c\u00e1lculo usa como base o valor venal da frota. Em Minas Gerais, o n\u00famero de ve\u00edculos sujeitos \u00e0 tributa\u00e7\u00e3o do IPVA chegou a 8,67 milh\u00f5es, um aumento de 470 mil com rela\u00e7\u00e3o a 2014. Carros movidos a \u00e1lcool contam com desconto de 30% no IPVA.<\/p>\n<h4>Taxa de Licenciamento<\/h4>\n<p>A Taxa de Licenciamento Anual de Ve\u00edculo (TRLAV) tamb\u00e9m j\u00e1 pode ser quitada. Com valor de R$ 77,60, o pagamento pode ser feito at\u00e9 31 de mar\u00e7o desse ano. A proje\u00e7\u00e3o de arrecada\u00e7\u00e3o \u00e9 de R$ 615 milh\u00f5es, um aumento de R$ 51 milh\u00f5es em rela\u00e7\u00e3o a 2014.<\/p>\n<h4>Servi\u00e7o<\/h4>\n<p>O pagamento do IPVA de 2015 poder\u00e1 ser feito diretamente nos terminais de Auto Atendimento ou guich\u00eas de Caixa dos Agentes Arrecadadores autorizados, bastando informar o n\u00famero do RENAVAM do ve\u00edculo. A emiss\u00e3o da Guia de arrecada\u00e7\u00e3o do IPVA poder\u00e1 ser feita tamb\u00e9m pelo site www.fazenda.mg.gov.br, nas Reparti\u00e7\u00f5es Fazend\u00e1rias e Unidades de Atendimento Integrado (UAI).<\/p>\n<p>O n\u00e3o pagamento do IPVA nos prazos estabelecidos gera multa de 0,3% ao dia (at\u00e9 o 30\u00ba dia), multa de 20% ap\u00f3s o 30\u00ba dia e juros (SELIC) calculados sobre o valor do imposto ou das parcelas, conforme o caso. Al\u00e9m do site da Fazenda, as consultas de valores do IPVA podem ser feitas pelo telefone 155 e por meio do aplicativo gratuito para smartphones e tablets <a href=\"https:\/\/play.google.com\/store\/apps\/details?id=br.gov.mg.fazenda.ipvamobile&#038;hl=pt-BR\" target=\"_blank\">Android<\/a>, <a href=\"https:\/\/itunes.apple.com\/br\/app\/ipvamobile\/id730992618?mt=8\" target=\"_blank\">iOS<\/a> e <a href=\"http:\/\/www.windowsphone.com\/pt-br\/store\/app\/ipva-mg\/c6740702-5bc3-42d3-9856-4da1f968e2a4\" target=\"_blank\">Windows Phone<\/a>.<\/p>\n<p><img decoding=\"async\" src=\"http:\/\/aconteceunovale.com.br\/portal\/wp-content\/uploads\/2015\/01\/tabelas_ipva_15_1.jpg\" alt=\"\" \/><img decoding=\"async\" src=\"http:\/\/aconteceunovale.com.br\/portal\/wp-content\/uploads\/2015\/01\/tabelas_ipva_15_2.jpg\" alt=\"\" \/><img decoding=\"async\" src=\"http:\/\/aconteceunovale.com.br\/portal\/wp-content\/uploads\/2015\/01\/tabelas_ipva_15_3.jpg\" alt=\"\" \/><img decoding=\"async\" src=\"http:\/\/aconteceunovale.com.br\/portal\/wp-content\/uploads\/2015\/01\/tabelas_ipva_15_4.jpg\" alt=\"\" \/><img decoding=\"async\" src=\"http:\/\/aconteceunovale.com.br\/portal\/wp-content\/uploads\/2015\/01\/tabelas_ipva_15_5.jpg\" alt=\"\" \/><img decoding=\"async\" src=\"http:\/\/aconteceunovale.com.br\/portal\/wp-content\/uploads\/2015\/01\/tabelas_ipva_15_6.jpg\" alt=\"\" \/><img decoding=\"async\" src=\"http:\/\/aconteceunovale.com.br\/portal\/wp-content\/uploads\/2015\/01\/tabelas_ipva_15_7.jpg\" alt=\"\" \/><img decoding=\"async\" src=\"http:\/\/aconteceunovale.com.br\/portal\/wp-content\/uploads\/2015\/01\/tabelas_ipva_15_8.jpg\" alt=\"\" \/><\/p>\n","protected":false},"excerpt":{"rendered":"<p>Fazenda prev\u00ea arrecada\u00e7\u00e3o de R$ 3,86 bilh\u00f5es; recursos ser\u00e3o aplicados pelo governo em \u00e1reas como infraestrutura, sa\u00fade e educa\u00e7\u00e3o. Os contribuintes que quitarem a parcela \u00fanica do Imposto Sobre Propriedade de Ve\u00edculos Automotores (IPVA) de 2015 ter\u00e3o desconto de 3% sobre o valor total. O pagamento \u00e0 vista ou parcelado ter\u00e1 in\u00edcio na pr\u00f3xima segunda-feira [&hellip;]<\/p>\n","protected":false},"author":1,"featured_media":47048,"comment_status":"open","ping_status":"closed","sticky":false,"template":"","format":"standard","meta":{"amp_status":"","footnotes":""},"categories":[123],"tags":[29891,29892,29895,29894,29893],"class_list":["post-50009","post","type-post","status-publish","format-standard","has-post-thumbnail","hentry","category-gerais","tag-contribuintes-que-pagarem-o-ipva-a-vista-terao-3-de-desconto-em-minas-gerais","tag-desconto-no-pagamento-do-ipva","tag-imposto-sobre-propriedade-de-veiculos-automotores","tag-ipva","tag-pagamento-do-ipva"],"_links":{"self":[{"href":"https:\/\/aconteceunovale.com.br\/portal\/index.php?rest_route=\/wp\/v2\/posts\/50009","targetHints":{"allow":["GET"]}}],"collection":[{"href":"https:\/\/aconteceunovale.com.br\/portal\/index.php?rest_route=\/wp\/v2\/posts"}],"about":[{"href":"https:\/\/aconteceunovale.com.br\/portal\/index.php?rest_route=\/wp\/v2\/types\/post"}],"author":[{"embeddable":true,"href":"https:\/\/aconteceunovale.com.br\/portal\/index.php?rest_route=\/wp\/v2\/users\/1"}],"replies":[{"embeddable":true,"href":"https:\/\/aconteceunovale.com.br\/portal\/index.php?rest_route=%2Fwp%2Fv2%2Fcomments&post=50009"}],"version-history":[{"count":0,"href":"https:\/\/aconteceunovale.com.br\/portal\/index.php?rest_route=\/wp\/v2\/posts\/50009\/revisions"}],"wp:featuredmedia":[{"embeddable":true,"href":"https:\/\/aconteceunovale.com.br\/portal\/index.php?rest_route=\/wp\/v2\/media\/47048"}],"wp:attachment":[{"href":"https:\/\/aconteceunovale.com.br\/portal\/index.php?rest_route=%2Fwp%2Fv2%2Fmedia&parent=50009"}],"wp:term":[{"taxonomy":"category","embeddable":true,"href":"https:\/\/aconteceunovale.com.br\/portal\/index.php?rest_route=%2Fwp%2Fv2%2Fcategories&post=50009"},{"taxonomy":"post_tag","embeddable":true,"href":"https:\/\/aconteceunovale.com.br\/portal\/index.php?rest_route=%2Fwp%2Fv2%2Ftags&post=50009"}],"curies":[{"name":"wp","href":"https:\/\/api.w.org\/{rel}","templated":true}]}}