{"id":49988,"date":"2015-01-14T13:29:19","date_gmt":"2015-01-14T16:29:19","guid":{"rendered":"http:\/\/aconteceunovale.com.br\/portal\/?p=49988"},"modified":"2015-01-14T13:29:19","modified_gmt":"2015-01-14T16:29:19","slug":"vaticano-pode-beatificar-padre-que-viveu-na-zona-da-mata-mineira","status":"publish","type":"post","link":"https:\/\/aconteceunovale.com.br\/portal\/?p=49988","title":{"rendered":"Vaticano pode beatificar padre que viveu na Zona da Mata Mineira"},"content":{"rendered":"<h4><strong><em>J\u00falio Maria Lombaerde morou em Manhumirim e criou diversas obras sociais<\/em><\/strong><\/h4>\n<p>Minas Gerais poder\u00e1 ganhar o seu terceiro beato. No pr\u00f3ximo dia 24, representantes do Vaticano visitar\u00e3o a cidade de Manhumirim, na Zona da Mata, para iniciar o processo de beatifica\u00e7\u00e3o de padre J\u00falio Maria Lombaerde, religioso belga que viveu no Brasil por 32 anos. Ele nasceu em 7 de janeiro 1878 e se mudou para o Brasil com 34 anos. Depois de viver 16 anos nas regi\u00f5es Norte e Nordeste do pa\u00eds, chegou a Manhumirim, onde ficou por 16 anos. Padre J\u00falio Maria morreu em 24 de dezembro de 1944, em um acidente de carro.<\/p>\n<p><img decoding=\"async\" src=\"http:\/\/aconteceunovale.com.br\/portal\/wp-content\/uploads\/2015\/01\/padre_manhumirim.jpg\" alt=\"\" \/><em>Por causa de suas a\u00e7\u00f5es, moradores de Manhumirim dedicam ora\u00e7\u00f5es ao padre &#8211; Foto: Divulga\u00e7\u00e3o<\/em><br \/>\n<\/br><\/p>\n<p>O padre Heleno Raimundo da Silva, respons\u00e1vel pelo processo de beatifica\u00e7\u00e3o no Brasil, explica que ainda n\u00e3o h\u00e1 prazo para a conclus\u00e3o dos trabalhos. Ap\u00f3s o reconhecimento das virtudes crist\u00e3s do religioso, ainda ser\u00e1 necess\u00e1ria a comprova\u00e7\u00e3o de um milagre realizado para a beatifica\u00e7\u00e3o.<\/p>\n<p>\u201cAinda em vida, havia um reconhecimento dos moradores da santidade de padre J\u00falio Maria, e as pessoas hoje pedem b\u00ean\u00e7\u00e3os e a interse\u00e7\u00e3o dele em suas causas. Esse reconhecimento do Vaticano vai ser importante para que o mundo inteiro conhe\u00e7a a obra dele\u201d, disse padre Heleno, que tamb\u00e9m \u00e9 p\u00e1roco em Manhumirim.<\/p>\n<p>Durante o tempo que viveu no munic\u00edpio mineiro, padre J\u00falio Maria criou dois col\u00e9gios, o \u00fanico hospital da cidade, uma comunidade agr\u00edcola para jovens em situa\u00e7\u00e3o de vulnerabilidade social e um asilo. Seu protagonismo na causa social e o compromisso com a f\u00e9 crist\u00e3 fez do padre um homem considerado santo pela comunidade cat\u00f3lica da regi\u00e3o, mesmo antes de sua morte.<\/p>\n<p>\u201c\u00c9 um homem muito querido aqui na cidade. Todas as obras que ele fez continuam funcionando at\u00e9 hoje e sempre fazemos ora\u00e7\u00f5es \u00e0 ele. Diante da devo\u00e7\u00e3o da minha sogra, o meu marido recebeu o nome de J\u00falio Maria. Foi uma homenagem\u201d, contou a servidora p\u00fablica Sandra Elisabeth Miranda, 64.<\/p>\n<p>Padre J\u00falio Maria tamb\u00e9m teria enfrentado a censura imposta pelo governo de Get\u00falio Vargas e sobrevivido a tentativas de assassinato. A abertura do processo de beatifica\u00e7\u00e3o foi autorizado pelo Vaticano em janeiro de 2013. Agora, ser\u00e1 iniciado o recolhimento de toda documenta\u00e7\u00e3o sobre a vida e a obra do padre.<\/p>\n<h4>Processo de beatifica\u00e7\u00e3o<\/h4>\n<p>Para ser iniciado o processo, o Vaticano aprova o Nada Obsta, autorizando os trabalhos. O religioso se torna Servo de Deus.<\/p>\n<p>Em seguida, inicia-se a pesquisa sobre a obra do religioso para comprovar que ele teve as 11 virtudes: f\u00e9, esperan\u00e7a, caridade, prud\u00eancia, justi\u00e7a, fortaleza, temperan\u00e7a, pobreza, humildade, castidade e obedi\u00eancia. Ele se torna Vener\u00e1vel. <\/p>\n<p>Para se tornar beato \u00e9 preciso comprovar um milagre. Para ser santo \u00e9 preciso outro milagre.<\/p>\n<h4>Resist\u00eancia dentro e fora da Igreja<\/h4>\n<p>A vida de padre J\u00falio Maria Lombaerde foi marcada por desafios dentro e fora da Igreja. Em resposta aos movimentos de resist\u00eancia, ele se mostrou combativo. Quando ainda estava no Norte do pa\u00eds, criou uma congrega\u00e7\u00e3o de freiras em Macap\u00e1 (AP), com o intuito de abrir um col\u00e9gio feminino na regi\u00e3o.<\/p>\n<p>Sua preocupa\u00e7\u00e3o era proteger as adolescentes da regi\u00e3o que sofriam com abusos sexuais, comuns naquela \u00e1rea no in\u00edcio do s\u00e9culo passado. A Igreja n\u00e3o aceitou a congrega\u00e7\u00e3o inicialmente, mas ele a fundou, mesmo de forma n\u00e3o oficial.<\/p>\n<p>J\u00e1 em Manhumirim, em Minas, o padre combateu arduamente o ataque ao culto de Nossa Senhora feito por parte dos protestantes. Ele ainda criou o jornal \u201cO Lutador\u201d, que circula at\u00e9 hoje e teria sido alvo da censura durante a ditadura do governo Get\u00falio Vargas.<\/p>\n<p>Apesar de nunca se envolver com pol\u00edtica, seu protagonismo nas a\u00e7\u00f5es do munic\u00edpio irritaram alguns partidos e ele chegou a ser alvo de uma tentativa de homic\u00eddio dentro da igreja, mas sobreviveu.<\/p>\n<h4>Beatos<\/h4>\n<p>Dois religiosos que atuaram em Minas j\u00e1 foram reconhecidos como beatos pelo Vaticano. Um deles \u00e9 Nh\u00e1 Chica, que viveu em Baepend\u00ed, no Sul do Estado, entre 1810 e 1895. O outro beato de Minas \u00e9 Padre Eust\u00e1quio (1890-1943), que era holand\u00eas, mas viveu na capital. Existem cerca 60 processos de beatifica\u00e7\u00e3o abertos no pa\u00eds.<\/p>\n<p><em>(Fonte: Jornal O Tempo)<\/em><\/p>\n","protected":false},"excerpt":{"rendered":"<p>J\u00falio Maria Lombaerde morou em Manhumirim e criou diversas obras sociais Minas Gerais poder\u00e1 ganhar o seu terceiro beato. No pr\u00f3ximo dia 24, representantes do Vaticano visitar\u00e3o a cidade de Manhumirim, na Zona da Mata, para iniciar o processo de beatifica\u00e7\u00e3o de padre J\u00falio Maria Lombaerde, religioso belga que viveu no Brasil por 32 anos. [&hellip;]<\/p>\n","protected":false},"author":1,"featured_media":49989,"comment_status":"open","ping_status":"closed","sticky":false,"template":"","format":"standard","meta":{"amp_status":"","footnotes":""},"categories":[123],"tags":[29856,29855,1523,29857,29854,29853],"class_list":["post-49988","post","type-post","status-publish","format-standard","has-post-thumbnail","hentry","category-gerais","tag-heleno-raimundo-da-silva","tag-julio-maria-lombaerde","tag-manhumirim","tag-sandra-elisabeth-miranda","tag-vaticano-pode-beatificar-padre-que-viveu-em-manhumirim","tag-vaticano-pode-beatificar-padre-que-viveu-na-zona-da-mata-mineira"],"_links":{"self":[{"href":"https:\/\/aconteceunovale.com.br\/portal\/index.php?rest_route=\/wp\/v2\/posts\/49988","targetHints":{"allow":["GET"]}}],"collection":[{"href":"https:\/\/aconteceunovale.com.br\/portal\/index.php?rest_route=\/wp\/v2\/posts"}],"about":[{"href":"https:\/\/aconteceunovale.com.br\/portal\/index.php?rest_route=\/wp\/v2\/types\/post"}],"author":[{"embeddable":true,"href":"https:\/\/aconteceunovale.com.br\/portal\/index.php?rest_route=\/wp\/v2\/users\/1"}],"replies":[{"embeddable":true,"href":"https:\/\/aconteceunovale.com.br\/portal\/index.php?rest_route=%2Fwp%2Fv2%2Fcomments&post=49988"}],"version-history":[{"count":0,"href":"https:\/\/aconteceunovale.com.br\/portal\/index.php?rest_route=\/wp\/v2\/posts\/49988\/revisions"}],"wp:featuredmedia":[{"embeddable":true,"href":"https:\/\/aconteceunovale.com.br\/portal\/index.php?rest_route=\/wp\/v2\/media\/49989"}],"wp:attachment":[{"href":"https:\/\/aconteceunovale.com.br\/portal\/index.php?rest_route=%2Fwp%2Fv2%2Fmedia&parent=49988"}],"wp:term":[{"taxonomy":"category","embeddable":true,"href":"https:\/\/aconteceunovale.com.br\/portal\/index.php?rest_route=%2Fwp%2Fv2%2Fcategories&post=49988"},{"taxonomy":"post_tag","embeddable":true,"href":"https:\/\/aconteceunovale.com.br\/portal\/index.php?rest_route=%2Fwp%2Fv2%2Ftags&post=49988"}],"curies":[{"name":"wp","href":"https:\/\/api.w.org\/{rel}","templated":true}]}}